{"id":983,"date":"2019-08-22T15:12:59","date_gmt":"2019-08-22T14:12:59","guid":{"rendered":"http:\/\/refgemvlotho.de\/?p=983"},"modified":"2019-08-22T15:16:16","modified_gmt":"2019-08-22T14:16:16","slug":"karl-barth-ausstellung","status":"publish","type":"post","link":"http:\/\/refgemvlotho.de\/?p=983","title":{"rendered":"Karl-Barth-Ausstellung"},"content":{"rendered":"<p><span style=\"color: #ff0000;\">W<\/span><span style=\"color: #ff0000;\">anderauss<\/span><span style=\"color: #ff0000;\">tellung des Ref<\/span><span style=\"color: #ff0000;\">ormierten Bundes<\/span><br \/>\n<span style=\"color: #ff0000;\">\u00a0\u00a0\u00a0 zum Karl-Barth-Jahr 2019<\/span><br \/>\n<span style=\"color: #ff0000;\">\u00a0\u00a0\u00a0\u00a0\u00a0\u00a0\u00a0 vom 29. August -18. September 2019<\/span><\/p>\n<p><span style=\"color: #0000ff;\">\u00bbSchweiz<\/span><span style=\"color: #0000ff;\">er! Ausl\u00e4nder<\/span><span style=\"color: #0000ff;\">! Hetzer! Friedest\u00f6rer!\u00ab<\/span><\/p>\n<p><span style=\"color: #ff0000;\">Ort: St. Johannis-Kirche Vlotho<\/span><\/p>\n<p><img decoding=\"async\" loading=\"lazy\" class=\"alignleft wp-image-986\" src=\"http:\/\/refgemvlotho.de\/wp-content\/uploads\/2019\/08\/Karl-Barth-300x169.jpg\" alt=\"\" width=\"277\" height=\"156\" \/><\/p>\n<p><img decoding=\"async\" loading=\"lazy\" class=\"alignleft wp-image-984\" src=\"http:\/\/refgemvlotho.de\/wp-content\/uploads\/2019\/08\/Karl-Barth-Portr\u00e4t-132x300.jpg\" alt=\"\" width=\"69\" height=\"157\" \/><\/p>\n<p><img decoding=\"async\" loading=\"lazy\" class=\"wp-image-985 alignnone\" src=\"http:\/\/refgemvlotho.de\/wp-content\/uploads\/2019\/08\/Karl-Barth-2-235x300.png\" alt=\"\" width=\"127\" height=\"162\" \/><\/p>\n<p><span style=\"color: #0000ff;\">Au<\/span><span style=\"color: #0000ff;\">sstellungser\u00f6ffnung: 29.8.2019, 18 Uhr\u00a0\u00a0\u00a0\u00a0\u00a0\u00a0\u00a0\u00a0\u00a0\u00a0\u00a0\u00a0\u00a0\u00a0\u00a0\u00a0\u00a0\u00a0\u00a0\u00a0 <\/span>\u00d6ffnungszeiten:<br \/>\n<span style=\"color: #0000ff;\">\u00a0\u00a0\u00a0\u00a0\u00a0\u00a0\u00a0\u00a0\u00a0\u00a0 Kurzreferat: Winfried Reuter\u00a0\u00a0\u00a0\u00a0\u00a0\u00a0\u00a0\u00a0\u00a0\u00a0\u00a0\u00a0\u00a0\u00a0\u00a0\u00a0\u00a0\u00a0\u00a0\u00a0\u00a0\u00a0\u00a0\u00a0\u00a0\u00a0\u00a0\u00a0\u00a0\u00a0\u00a0\u00a0\u00a0\u00a0\u00a0\u00a0 <\/span>mo-fr 15-17 Uhr, sa 10-12,<br \/>\n<span style=\"color: #0000ff;\">\u00a0\u00a0\u00a0\u00a0\u00a0\u00a0\u00a0\u00a0\u00a0\u00a0 Musikalische Gestaltung:\u00a0\u00a0\u00a0\u00a0\u00a0\u00a0\u00a0\u00a0\u00a0\u00a0\u00a0\u00a0\u00a0\u00a0\u00a0\u00a0\u00a0\u00a0\u00a0\u00a0\u00a0\u00a0\u00a0\u00a0\u00a0\u00a0\u00a0\u00a0\u00a0\u00a0\u00a0\u00a0\u00a0\u00a0\u00a0\u00a0\u00a0\u00a0\u00a0\u00a0\u00a0\u00a0\u00a0 <\/span>so 8.9. im Anschluss an den GD<br \/>\n<span style=\"color: #0000ff;\">\u00a0\u00a0\u00a0\u00a0\u00a0\u00a0\u00a0\u00a0\u00a0\u00a0 Susanne Schulz und Jho Kaufmann<\/span><\/p>\n<p>Der meistgenutzte Raum im reformierten \u00a0Gemeindehaus ist \u00a0nach ihm benannt, nach dem Schweizer Pastoren und Theologieprofessor Karl Barth (1886 &#8211; 1968), dem zumindest im deutschsprachigen Raum wohl wichtigsten Theologen des 20. Jahrhunderts.<\/p>\n<p>Was hat diesem Menschen auf den N\u00e4geln gebrannt? Warum lohnt es, sich heute erneut von dieser Schweizer Stimme in unseren Gemeinde- und Lebensalltag reinreden zu lassen?<\/p>\n<p>\u201eGott trifft Mensch\u201d ist ein sprechendes Motto nicht nur f\u00fcr das Karl-Barth Jahr 2019. Mit Gott anfangen und nicht beim Menschen!<!--more--> In dem Juden Jesus Christus sagt Gott \u201aJa\u2018 zu allen Menschen und hat sich auf die Suche nach uns begeben. Mit dem anfangen, was Gott f\u00fcr uns tut, was er sagt und will und darin dann uns selbst entdecken, wer wir sind und wer wir werden sollen: Menschen die nie Gott los sind und dadurch frei, gerne mit all den anderen fernen und nahen Menschen zusammenzuleben!<\/p>\n<p>Das sind keine Grund\u00fcberzeugen, die ihm in die Wiege gelegt wurden. Es sind in einschneidenden Lebenserfahrungen erk\u00e4mpfte \u00dcberzeugungen: Sie sind gepr\u00e4gt durch die Wahrnehmung der Lebenswirklichkeit der Menschen in seiner Pfarrstelle Safenwil und seine Parteinahme f\u00fcr die Arbeiter- und Arbeiterinnen gegen die Fabrikleitungen, zu der er sich gen\u00f6tigt sah. Ihr Hauptausl\u00f6ser dann vor allem sein gro\u00dfes Erschrecken dar\u00fcber, wie seine s\u00e4mtlichen theologischen Lehrer aber auch die Vertreter einer sozialistisch ausgerichteten Politik sich kritiklos f\u00fcr die deutsche Kriegsbegeisterung vor und w\u00e4hrend des 1. Weltkriegs vereinnahmen lie\u00dfen.<\/p>\n<p>Der Versuch, diesen Grund\u00fcberzeugungen treu zu werden und zu bleiben, zieht sich seitdem durch die unterschiedlichen \u00a0Lebens\u00e4u\u00dferungen dieses gro\u00dfen Mozartliebhabers: durch seine theologische Arbeit als Theologieprofessor in Deutschland und der Schweiz; seine Beteiligung an der Organisation eines kirchlichen Widerstands gegen das Nazi-Regime, die 1935 zu seiner Ausweisung aus Deutschland f\u00fchrte aber auch dazu, dass er von der Mehrheit in der Bekennende Kirche fallengelassen wurde, die seine politische Haltung inklusive seiner Kritik an der Judenverfolgung nicht mehr bereit waren, mitzutragen. Er spiegelt sich in seinem \u00a0Eintreten f\u00fcr einen Bruch mit der Nazi-Vergangenheit und den Aufbau eines demokratischen Deutschlands in der Nachkriegszeit; in seiner Kritik an der Wiederbewaffnung Deutschlands und der Ablehnung der Produktion und Verwendung von Atomwaffen; in seinem Beharren darauf, dass die wichtigste \u00f6kumenische Fragestellung nicht die nach dem Verh\u00e4ltnis der christlichen Konfessionen untereinander, sondern nach unser gelebten Beziehung zum Judentum ist. Sie spiegelt sich nicht zuletzt in seiner langj\u00e4hrigen Predigtt\u00e4tigkeit in der Basler Strafvollzugsanstalt.<\/p>\n<p>Der Glaube geh\u00f6rt in die Welt. In Karl Barths Augen ist er eine dezidiert fr\u00f6hliche, hoffnungsvolle Angelegenheit, die aller Griesgr\u00e4merei den Kampf ansagt. Wer Gottes Gebote mit Bevormundung und G\u00e4ngelei verwechselt, wer nicht mit Lust und von Herzen gerne aus ihnen lebt, hat noch kein F\u00fcnkchen davon begriffen, dass es Gottes Gebote sind.<\/p>\n<p>\u00d6ffnungszeiten: t\u00e4glich 15-17 Uhr, sa 10-12 Uhr.<\/p>\n<p>Er\u00f6ffnung: 29. August 18 Uhr mit einem kurzen Referat von Pastor Reuter. Musikalische Gestaltung: Susanne Schulz und Jho Kaufmann.<\/p>\n<p>Winfried Reuter<\/p>\n<p>&nbsp;<\/p>\n<p>&nbsp;<\/p>\n","protected":false},"excerpt":{"rendered":"<p>Wanderausstellung des Reformierten Bundes \u00a0\u00a0\u00a0 zum Karl-Barth-Jahr 2019 \u00a0\u00a0\u00a0\u00a0\u00a0\u00a0\u00a0 vom 29. August -18. September 2019 \u00bbSchweizer! Ausl\u00e4nder! Hetzer! Friedest\u00f6rer!\u00ab Ort: St. Johannis-Kirche Vlotho Ausstellungser\u00f6ffnung: 29.8.2019, 18 Uhr\u00a0\u00a0\u00a0\u00a0\u00a0\u00a0\u00a0\u00a0\u00a0\u00a0\u00a0\u00a0\u00a0\u00a0\u00a0\u00a0\u00a0\u00a0\u00a0\u00a0 \u00d6ffnungszeiten: \u00a0\u00a0\u00a0\u00a0\u00a0\u00a0\u00a0\u00a0\u00a0\u00a0 Kurzreferat: Winfried Reuter\u00a0\u00a0\u00a0\u00a0\u00a0\u00a0\u00a0\u00a0\u00a0\u00a0\u00a0\u00a0\u00a0\u00a0\u00a0\u00a0\u00a0\u00a0\u00a0\u00a0\u00a0\u00a0\u00a0\u00a0\u00a0\u00a0\u00a0\u00a0\u00a0\u00a0\u00a0\u00a0\u00a0\u00a0\u00a0\u00a0 mo-fr 15-17 Uhr, sa 10-12, \u00a0\u00a0\u00a0\u00a0\u00a0\u00a0\u00a0\u00a0\u00a0\u00a0 Musikalische Gestaltung:\u00a0\u00a0\u00a0\u00a0\u00a0\u00a0\u00a0\u00a0\u00a0\u00a0\u00a0\u00a0\u00a0\u00a0\u00a0\u00a0\u00a0\u00a0\u00a0\u00a0\u00a0\u00a0\u00a0\u00a0\u00a0\u00a0\u00a0\u00a0\u00a0\u00a0\u00a0\u00a0\u00a0\u00a0\u00a0\u00a0\u00a0\u00a0\u00a0\u00a0\u00a0\u00a0\u00a0 &hellip; <a href=\"http:\/\/refgemvlotho.de\/?p=983\">Weiterlesen <span class=\"meta-nav\">&rarr;<\/span><\/a><\/p>\n","protected":false},"author":1,"featured_media":0,"comment_status":"open","ping_status":"open","sticky":false,"template":"","format":"standard","meta":[],"categories":[1],"tags":[],"_links":{"self":[{"href":"http:\/\/refgemvlotho.de\/index.php?rest_route=\/wp\/v2\/posts\/983"}],"collection":[{"href":"http:\/\/refgemvlotho.de\/index.php?rest_route=\/wp\/v2\/posts"}],"about":[{"href":"http:\/\/refgemvlotho.de\/index.php?rest_route=\/wp\/v2\/types\/post"}],"author":[{"embeddable":true,"href":"http:\/\/refgemvlotho.de\/index.php?rest_route=\/wp\/v2\/users\/1"}],"replies":[{"embeddable":true,"href":"http:\/\/refgemvlotho.de\/index.php?rest_route=%2Fwp%2Fv2%2Fcomments&post=983"}],"version-history":[{"count":3,"href":"http:\/\/refgemvlotho.de\/index.php?rest_route=\/wp\/v2\/posts\/983\/revisions"}],"predecessor-version":[{"id":989,"href":"http:\/\/refgemvlotho.de\/index.php?rest_route=\/wp\/v2\/posts\/983\/revisions\/989"}],"wp:attachment":[{"href":"http:\/\/refgemvlotho.de\/index.php?rest_route=%2Fwp%2Fv2%2Fmedia&parent=983"}],"wp:term":[{"taxonomy":"category","embeddable":true,"href":"http:\/\/refgemvlotho.de\/index.php?rest_route=%2Fwp%2Fv2%2Fcategories&post=983"},{"taxonomy":"post_tag","embeddable":true,"href":"http:\/\/refgemvlotho.de\/index.php?rest_route=%2Fwp%2Fv2%2Ftags&post=983"}],"curies":[{"name":"wp","href":"https:\/\/api.w.org\/{rel}","templated":true}]}}