{"id":794,"date":"2017-05-22T09:05:53","date_gmt":"2017-05-22T08:05:53","guid":{"rendered":"http:\/\/refgemvlotho.de\/?p=794"},"modified":"2017-06-03T13:31:30","modified_gmt":"2017-06-03T12:31:30","slug":"2017-05-20-das-abendmahl-ein-schatz","status":"publish","type":"post","link":"http:\/\/refgemvlotho.de\/?p=794","title":{"rendered":"2017, 05, 20, Das Abendmahl, ein Schatz"},"content":{"rendered":"<p><strong>Abendmahlsgottesdienst mit den Jugendlichen der Konfi-Gruppe \u00a0 \u00a0 \u00a0 \u00a0 \u00a0 \u00a0 \u00a0 \u00a0 \u00a0 und deren Eltern, Jubilate Kirche Bonneberg, 17 Uhr<\/strong><\/p>\n<style type=\"text\/css\">\n\t<!-- @page { margin: 2cm } P { margin-bottom: 0.21cm } --><br \/>\t<\/style>\n<p><span style=\"font-family: Arial,sans-serif;\"><span style=\"font-size: small;\">2017, 05, 2017, 17 Uhr, Abendmahlsgottesdienst<\/span><\/span><\/p>\n<p><span style=\"font-family: Arial,sans-serif;\"><span style=\"font-size: small;\"><u>Das Abendmahl ein Schatz<\/u><\/span><\/span><\/p>\n<p><span style=\"font-family: Arial,sans-serif;\"><span style=\"font-size: small;\">So lautet der Titel, unter dem wir das Thema \u201eAbendmahl\u201c in den letzten Jahren meistens im Blockunterricht behandelt haben. <\/span><\/span><\/p>\n<p><span style=\"font-family: Arial,sans-serif;\"><span style=\"font-size: small;\">Nicht immer, aber oft sind Sch\u00e4tze verborgen. Sie wollen geborgen, gehoben, entdeckt sein. Wenn ich zu einem Menschen, den ich liebe, sage: Mein Schatz, dann scheint auf den ersten Blick offensichtlich zu, warum er, sie das f\u00fcr mich ist. Aber vielleicht bringe ich auch mit dieser Anrede zum Ausdruck, dass ich nicht glaube, den anderen, die andere bereits in- und auswendig zu kennen, sondern, dass ich mich daf\u00fcr offen halte, dass ich fest damit rechne, dass es in dem Menschen, den ich mit mein Schatz anrede, noch so viele kostbare Dinge zu entdecken gibt, \u00fcber die ich mir bisher noch gar nicht im Klaren bin.<\/span><\/span><!--more--><\/p>\n<p><span style=\"font-family: Arial,sans-serif;\"><span style=\"font-size: small;\">Auf dem Bonneberg d\u00fcrfen Kinder nun schon seit vielen Jahren von klein auf am Abendmahl teilnehmen und so seine Kostbarkeit nach und nach entdecken, einfach dadurch, dass sie daran teilnehmen, schon lange bevor sie in der Lage sind, alles zu begreifen, was in diesem Schatz drinsteckt. Wir haben uns f\u00fcr dieses Jahr fest vorgenommen, dass wir das auch bei uns in der reformierten Gemeinde einf\u00fchren wollen.<\/span><\/span><\/p>\n<p><span style=\"font-family: Arial,sans-serif;\"><span style=\"font-size: small;\">Dass wir Abendmahl feiern d\u00fcrfen ist ein Schatz, ein kostbarer Schatz, ein Geschenk. Das w\u00fcnsche ich Ihnen, dass w\u00fcnsche ich Euch, dass Sie, dass Ihr entdeckt, dass Sie, dass Ihr etwas verpasst, dass, wenn Sie, wenn Ihr, das n\u00e4chste Mal zu einem Gottesdienst geht, in dem Abendmahl gefeiert wird und ihr bleibt sitzen und geht nicht hin.<\/span><\/span><\/p>\n<p><span style=\"font-family: Arial,sans-serif;\"><span style=\"font-size: small;\">Ich w\u00fcnsche Ihnen und Euch das f\u00fcr den Fall, dass es Ihnen, dass es Euch nicht schon l\u00e4ngst klar ist. Das w\u00e4re das Beste, wenn ich gerade dabei bin, nur offene T\u00fcren einzurennen. Das w\u00e4re das Beste, wenn meine Aufgabe nur darin besteht, uns in dem zu best\u00e4rken, was uns seit langem Gewissheit ist<\/span><\/span><\/p>\n<p><span style=\"font-family: Arial,sans-serif;\"><span style=\"font-size: small;\"><u>Das Abendmahl, ein Schatz der Erinnerung<\/u><\/span><\/span><\/p>\n<p><span style=\"font-family: Arial,sans-serif;\"><span style=\"font-size: small;\">Wir haben uns das Abendmahl nicht selbst ausgedacht. Es war nicht unsere Idee. Jesus hat sich das, nein, nicht ausgedacht, er hat es eingef\u00fchrt. Wir sind beim Abendmahl nicht der Gastgeber. Wir m\u00fcssen nichts vorbereiten. Wir sind die G\u00e4ste, herzlich bei Gott willkommene G\u00e4ste, die sich von hinten bis vorne bedienen lassen d\u00fcrfen.<\/span><\/span><\/p>\n<p><span style=\"font-family: Arial,sans-serif;\"><span style=\"font-size: small;\">Im Abendmahl bringt sich Gott bei uns in Erinnerung, weil er wei\u00df, wie schrecklich vergesslich wir sind. Er erinnert uns daran, was er in Jesus f\u00fcr uns getan hat. Er erinnert uns daran, wie gro\u00df seine Liebe ist. Er erinnert uns daran, was er sich diese Liebe kosten l\u00e4sst. Er erinnert uns daran, dass er nicht nur dazu bereit ist, sondern dass er jederzeit von sich aus den ersten Schritt auf uns zugeht. Er will nicht nur Kontakt, er will nicht nur Gemeinschaft mit uns. Sondern er sucht sie, mit allen Mitteln, die ihm zu Verf\u00fcgung stehen. <\/span><\/span><\/p>\n<p><span style=\"font-family: Arial,sans-serif;\"><span style=\"font-size: small;\">Indem wir zusammen Abendmahl feiern, besinnen wir uns auf unser Fundament, auf das, was uns tr\u00e4gt. Auf das Fundament, das was wir uns nicht selbst schaffen m\u00fcssen, sondern das Gott uns geschenkt hat, und das uns niemand wegnehmen kann.<\/span><\/span><\/p>\n<p><span style=\"font-family: Arial,sans-serif;\"><span style=\"font-size: small;\"><u>Das Abendmahl ist ein Schatz der Vergebung<\/u><\/span><\/span><\/p>\n<p><span style=\"font-family: Arial,sans-serif;\"><span style=\"font-size: small;\">Im Abendmahl feiern wird, das Gott bereit ist, uns zu vergeben, trotz all den Sachen, die wir auf der Welt und untereinander anrichten. Wir feiern, dass Gott bereit ist, uns zu vergeben, was wir mit unserer Friedlosigkeit ihm antun.<\/span><\/span><\/p>\n<p><span style=\"font-family: Arial,sans-serif;\"><span style=\"font-size: small;\">Gottes Bereitschaft, uns zu vergeben, ist das Gegenteil von billig. Sie hat ihn das Teuerste und Liebste, sie hat Jesus das Leben gekostet.<\/span><\/span><\/p>\n<p><span style=\"font-family: Arial,sans-serif;\"><span style=\"font-size: small;\">Jesus wurde von uns Menschen unschuldig ermordet. Und die, die daran nicht aktiv beteiligt waren, die haben sich mit schuldig gemacht, indem sie Jesus verleugnet, verraten, im Stich gelassen haben. <\/span><\/span><\/p>\n<p><span style=\"font-family: Arial,sans-serif;\"><span style=\"font-size: small;\">Gott hat sich daf\u00fcr nicht ger\u00e4cht, im Gegenteil. Er hat das zugelassen, damit wir begreifen, wie weit er mit seiner Liebe geht. Er hat auf das Gebet seines Sohnes geh\u00f6rt: Vater, vergib ihnen, denn sie wissen nicht, was sie tun. <\/span><\/span><\/p>\n<p><span style=\"font-family: Arial,sans-serif;\"><span style=\"font-size: small;\">Indem wir zusammen Abendmahl feiern, werden wir vergewissert, dass wir einen solchen Gott haben, einen der seine Feinde liebt. Einen, der mit der Vergebungsarbeit anf\u00e4ngt, noch w\u00e4hrend wir gar nicht erkannt haben, was wir angerichtet haben. Uns dar\u00fcber nicht im Klaren sind, uns das nicht klar machen wollen, weil wir immer noch in dem Wahn leben, wir k\u00f6nnten keiner Fliege was zu leide tun.<\/span><\/span><\/p>\n<p><span style=\"font-family: Arial,sans-serif;\"><span style=\"font-size: small;\">Gott verlangt von niemandem von uns, dass wir es genauso halten. Er verlangt nicht von uns, dass wir auch dazu f\u00e4hig sind, denen zu vergeben, die uns tief verletzt haben, und die noch gar nicht begriffen haben, was sie da angerichtet haben, die sich noch nicht mal die M\u00fche gemacht haben, es zu verstehen.<\/span><\/span><\/p>\n<p><span style=\"font-family: Arial,sans-serif;\"><span style=\"font-size: small;\">Aber er hofft schon, dass, wenn wir bei ihm sehen, wie weit er mit seiner Vergebungsbereitschaft uns gegen\u00fcber bereit ist, zu gehen, dass das auf uns nicht ohne Wirkung bleibt. Er hofft, dass er uns Mut macht, unsererseits, Schritt in Richtung Vergebung zu suchen, ernsthaft zu suchen, zu wagen, zu riskieren. Wir feiern im Abendmahl, dass Gott nicht bereit ist, sich mit unserer, mit meiner Friedlosigkeit abzufinden. Gott hofft, dass er uns dazu bewegen kann, dass wir uns mit unserer Friedlosigkeit nicht abfinden.<\/span><\/span><\/p>\n<p><span style=\"font-family: Arial,sans-serif;\"><span style=\"font-size: small;\">Vielleicht schafft er es im Einzelfall sogar, dass wir uns von ihm die Kraft erbitten, einem Menschen zu vergeben, der gar nicht wei\u00df, der gar nicht begriffen hat, was er uns mit seinen Worten, mit seinen Taten angetan hat.<\/span><\/span><\/p>\n<p><span style=\"font-family: Arial,sans-serif;\"><span style=\"font-size: small;\">Wir sind nicht Gott, wir sind Menschen, die Regel wird das unter uns eher nicht werden. Vergebung ist kein Automatismus. Sie passiert nicht auf Knopfdruck. Sie kostet in aller Regel M\u00fche, Arbeit, die Bereitschaft, den Versuch, sich in die andere Person hinein zu versetzen, zu \u00fcberlegen, wie ich mich \u00e4ndern kann, die Kraft, in einer Form, um Verzeihung zu bitten, dass der andere Mensch mir das abnehmen kann, dass das aufrichtig gemeint ist. <\/span><\/span><\/p>\n<p><span style=\"font-family: Arial,sans-serif;\"><span style=\"font-size: small;\">All diese Kraft besitzen wir kaum aus uns selbst. Aber im Abendmahl feiern wir Gott als die Kraft quelle, die imstande ist, uns dazu zu frei zu machen,<\/span><\/span><\/p>\n<p><span style=\"font-family: Arial,sans-serif;\"><span style=\"font-size: small;\">Es ist kein schlechter Brauch, es ist im Gegenteil Jesu Gebot, bevor ich zum Abendmahl gehen, mir zu \u00b4\u00fcberlegen, wie ich mich mit dem vers\u00f6hnen kann, den ich verletzt habe, und dann hinzugehen und es zu versuchen. <\/span><\/span><\/p>\n<p><span style=\"font-family: Arial,sans-serif;\"><span style=\"font-size: small;\"><u>Das Abendmahl, ein Schatz der Gemeinschaft<\/u><\/span><\/span><\/p>\n<p><span style=\"font-family: Arial,sans-serif;\"><span style=\"font-size: small;\">Im Abendmahl feiern wir, dass wir Gottes geliebte Kinder sind, keine Einzelkinder, sondern Geschwisterkinder. Es gibt Geschwisterkinder, die ein Herz und eine Seele sind, es gibt Zwillingen, die keinen ganzen Tag voneinander getrennt sein m\u00f6gen. Und es gibt Geschwisterkinder, die sind wie Katz und Maus, die schaffen es, wegen \u2013 zumindest in den Augen der anderen Kleinigkeiten \u2013 in Nullkomma nichts einander an die Gurgel zu gehen. Diesselben Geschwisterkinder halten in der Regel wie Pech und Schwefel zusammen, wenn es drauf ankommt, oft reicht es dazu schon, dass jemand von au\u00dfen kommt und sich gegen mein Geschwisterkind wendet, mit dem ich mir gerade noch in den Haaren gelegen habe. Und es gibt Geschwisterkinder, die reden nach einem Erbstreit oder wegen anderer Konflikte jahrzehntelang kein Wort miteinander.<\/span><\/span><\/p>\n<p><span style=\"font-family: Arial,sans-serif;\"><span style=\"font-size: small;\">All das gibt es auch unter Gottes Kindern. All das gibt es auch zwischen den Geschwistern, die beim Abendmahl zusammen kommen. Niemand von uns hat sich seine Geschwister, die mit ihm zusammen Abendmahl feiern ausgesucht. Wir sind die G\u00e4ste, wir sind nicht der Gastgeber. Jesus hat entschieden, wenn er mit dabei haben will. Die Frage an uns ist, ob wir uns das gefallen lassen, ob wir uns dar\u00fcber freuen k\u00f6nnen, dar\u00fcber freuen wollen. <\/span><\/span><\/p>\n<p><span style=\"font-family: Arial,sans-serif;\"><span style=\"font-size: small;\">So wie im Gleichnis vom Verlorenen Sohn der \u00c4ltere Sohn vor der Frage stand, ob er verbiestert drau\u00dfen stehen bleiben will, oder ob er sich von der Freude seines Vaters anstecken lassen will, der Freude dar\u00fcber, dass der verlorene, tot geglaubte Sohn aus der Fremd zur\u00fcck ins Elternhaus gekommen ist. Er ist seinem Jungen entgegen gelaufen. Er hat ihn mit offenen Armen aufgenommen. Er ist so gl\u00fccklich, ihn endlich wieder zu haben, dass er sofort das gem\u00e4stete Kalb hat schlachten lassen, um ein Fest zu feiern. Und jetzt bittet er seinen \u00c4lteren, den er doch keinen Deut weniger lieb hat. Willst Du Dich wirklich selbst ausschlie\u00dfen, willst Du nicht mit reinkommen, um gemeinsam mit uns zu feiern. Im Abendmahl feiern wir, wie wir in der reformierten Gemeinde sagen, dass Gott uns als Geschwister miteinander verbunden hat, und dass wir uns als Geschwister gegenseitig liebhaben und einander beistehen d\u00fcrfen. Um das sichtbar zum Ausdruck zu bringen, essen wir alle von demselben Brot, wir trinken aus demselben Kelch, was wir sonst nur unter engen Freunden oder zwischen Mann und Frau, Freundin und Freundin tun.<\/span><\/span><\/p>\n<p><span style=\"font-family: Arial,sans-serif;\"><span style=\"font-size: small;\">Wir stehen nicht unter dem Zwang einander lieben zu m\u00fcssen. Niemand wird den \u00c4lteren sohn dazu zwingen, mitzufeiern. Gott ist der letzte, der das tun wird.<\/span><\/span><\/p>\n<p><span style=\"font-family: Arial,sans-serif;\"><span style=\"font-size: small;\">Aber er gibt uns die ausdr\u00fcckliche Erlaubnis, die Geschwister, die mit uns Abendmahl feiern zu lieben, in dem Wissen, dass er sie liebt, in dem Wissen, dass er wei\u00df, warum es gut f\u00fcr uns ist, das er uns zusammen gebracht hat. Weil er uns bei seinem Fest mit dabei haben m\u00f6chten. Weil es ihm in der Seele weh t\u00e4te, wenn wir uns selbst davon ausschlie\u00dfen. Weil unseren Gott in der Seele der Schaden leid t\u00e4ten, den wir uns selbst damit antun, wenn wir uns selber ausschie\u00dfen, wenn wir es uns trotz seiner ausdr\u00fccklichen Erlaubnis verbieten, unsere Geschwister zu lieben.<\/span><\/span><\/p>\n<p><span style=\"font-family: Arial,sans-serif;\"><span style=\"font-size: small;\"><u>Das Abendmahl, ein Schatz der Zukunft, ein Zukunfsschatz <\/u><\/span><\/span><\/p>\n<p><span style=\"font-family: Arial,sans-serif;\"><span style=\"font-size: small;\">Drei Dinge m\u00f6chte ich dazu sagen:<\/span><\/span><\/p>\n<p><span style=\"font-family: Arial,sans-serif;\"><span style=\"font-size: small;\">1 Aus dem Abendmahl, aus dem was uns Gott geschenkt ist, um uns zusammenzubringen ist, daraus haben wir tragischerweise einen der gr\u00f6\u00dften Zank\u00e4pfel zwischen uns gemacht. In welcher Weise ist Jesus gegenw\u00e4rtig, ist er mit dabei in dem Moment, in dem wir Abendmahl feiern? Lutheraner und Reformierte haben Jahrhunderte lang nur deswegen nicht zusammen Abendmahl gefeiert. Zwischen Reformierten und Lutheranern ist dieser Streit \u00fcberwunden, nicht seit Ewigkeiten, erst seit einigen Jahrzehnten, aber gottseidank ist dieses Streit zumindest in seiner Wurzel \u00fcberwunden, sonst w\u00fcrden wir jetzt hier nicht zusammen sitzen. Mit den katholischen Christen und Christinnen besteht noch immer keine Abendmahlsgemeinschaft.<\/span><\/span><\/p>\n<p><span style=\"font-family: Arial,sans-serif;\"><span style=\"font-size: small;\">Wenn wir Abendmahl feiern, dann blicken wir in die Zukunft, dann freuen wir uns schon auf den Tag, an dem wir das Abendmahl gemeinsam mit Jesus feiern werden, nicht mehr nur in seiner geistigen Gegenwart, sondern von Angesicht zu Angesicund dann wird es mit unsren ungekl\u00e4rten Fragen vorbei sein. Sie werden sich entweder in Wohlgefallen aufl\u00f6sen oder wir werden Jesus unsere offenen Fragen stellen, und er wird sie uns beantworten, so dass sie hinf\u00e4llig werden. Darauf d\u00fcrfen wir uns heute schon freuen, dass wir auf den Tag zu leben, dass wir mit Jesus bei Brot und Wein zusammen an einem Tisch sitzen werden.<\/span><\/span><\/p>\n<p><span style=\"font-family: Arial,sans-serif;\"><span style=\"font-size: small;\">2 Abendmahl ist die Vorfreude auf den Tag, an dem wir mit Menschen aus allen Konfessionen, aus allen L\u00e4ndern der Erde zusammen an einem Tisch sitzen werden. Dann wird mit dem ganzen, \u201emeine Nation\u201c, \u201emein Vaterland\u201c endg\u00fcltig Schluss sein.<\/span><\/span><\/p>\n<p><span style=\"font-family: Arial,sans-serif;\"><span style=\"font-size: small;\">Und deshalb sagen ich oft: es ist h\u00f6chste Zeit, dass wir uns als Christen und Christinnen schon mal jetzt darauf einstellen, dass wir mit dieser Art von Gemeinschaft jetzt schon mal im Kleinen anfangen, sie einzu\u00fcben und sich an ihr zu freuen. In jedem Abendmahl, dass wir zusammen feiern,<\/span><\/span><\/p>\n<p><span style=\"font-family: Arial,sans-serif;\"><span style=\"font-size: small;\">\u00fcben wir ein St\u00fcckchen Himmel ein. Gott will, dass wir schon jetzt einen Vorgeschmack seiner himmlischen Herrlichkeit haben.<\/span><\/span><\/p>\n<p><span style=\"font-family: Arial,sans-serif;\"><span style=\"font-size: small;\">3 Ich lebe wirklich gern. Ich glaube, ich bin ein Mensch, dem das Sterben einmal schwer fallen wird. Vielleicht k\u00f6nnt gerade ihr Jugendlichen nicht verstehen, was ich jetzt sage. Ich glaube, mir w\u00e4re das als Jugendlicher auch eher fremd vorgekommen.<\/span><\/span><\/p>\n<p><span style=\"font-family: Arial,sans-serif;\"><span style=\"font-size: small;\">Aber in der letzten Zeit, da nehme ich des \u00d6fteren bei mir so eine Sehnsucht nach dem Himmel wahr, danach erleben zu d\u00fcrfen, dass das endlich aufh\u00f6rt, mit dem Streit, mit dem Krieg, mit der Gewalt.<\/span><\/span><\/p>\n<p><span style=\"font-family: Arial,sans-serif;\"><span style=\"font-size: small;\">Am letzten Donnerstag war ich endlich wieder bei der syrischen Familie, die ich seit \u00fcber einem Jahr regelm\u00e4\u00dfig besuche. Shaden, die \u00e4lteste Tochter, die jetzt in die f\u00fcnfte Klasse geht, hat mir erz\u00e4hlt, dass vor Kurzem der Cousin ihrer Mutter ermordet worden ist. Ihm wurde der Kopf abgeschlagen. Die M\u00e4nner, die ihn ermordet haben, haben anschlie\u00dfend mit dem Kopf gespielt.\u00a0 Ich sehne mich danach, dass das endlich aufh\u00f6rt.<br \/>\n<\/span><\/span><\/p>\n<p><span style=\"font-family: Arial,sans-serif;\"><span style=\"font-size: small;\">Ich denke an den Streit in unserer Gemeinde, der so viel Kraft kostet, der mir so \u00fcberfl\u00fcssig vorkommt und bei dem ich mich zwischendurch immer nur ohnm\u00e4chtig f\u00fchle.<\/span><\/span><\/p>\n<p><span style=\"font-family: Arial,sans-serif;\"><span style=\"font-size: small;\">Und wenn ich bei Euch in der Gruppe so kleine Streitereien sehe, wo ihr euch gegenseitig wehtut, wahrscheinlich auch, ohne es zu wollen oder ohne euch das richtig klar zu machen, und ich bekomme das mit, steh dabei, versuch es zu verhindern oder wenigstens abzumildern und ich muss erkennen, dass ich trotz meiner guten Absichten viel zu ungeschickt dazu bin. In solchen Situationen sehne ich mich manchmal einfach nur danach, dass das aufh\u00f6rt. Und das meine ich mit der Sehnsucht nach dem Himmel. <\/span><\/span><\/p>\n<p><span style=\"font-family: Arial,sans-serif;\"><span style=\"font-size: small;\">Es geht nicht darum, sich in den Himmel wegzutr\u00e4umen. Wir sollen im Abendmahl einen Vorgeschmack der himmlischen Herrlichkeit haben. Wir sollen erleben, wie Gott uns jetzt schon zusammen bringt wir sollen Mut fassen, schon jetzt ein bisschen wie im Himmel zu leben<\/span><\/span><\/p>\n<p><span style=\"font-family: Arial,sans-serif;\"><span style=\"font-size: small;\">Amen<\/span><\/span><\/p>\n","protected":false},"excerpt":{"rendered":"<p>Abendmahlsgottesdienst mit den Jugendlichen der Konfi-Gruppe \u00a0 \u00a0 \u00a0 \u00a0 \u00a0 \u00a0 \u00a0 \u00a0 \u00a0 und deren Eltern, Jubilate Kirche Bonneberg, 17 Uhr 2017, 05, 2017, 17 Uhr, Abendmahlsgottesdienst Das Abendmahl ein Schatz So lautet der Titel, unter dem wir &hellip; <a href=\"http:\/\/refgemvlotho.de\/?p=794\">Weiterlesen <span class=\"meta-nav\">&rarr;<\/span><\/a><\/p>\n","protected":false},"author":1,"featured_media":0,"comment_status":"open","ping_status":"open","sticky":false,"template":"","format":"standard","meta":[],"categories":[1],"tags":[],"_links":{"self":[{"href":"http:\/\/refgemvlotho.de\/index.php?rest_route=\/wp\/v2\/posts\/794"}],"collection":[{"href":"http:\/\/refgemvlotho.de\/index.php?rest_route=\/wp\/v2\/posts"}],"about":[{"href":"http:\/\/refgemvlotho.de\/index.php?rest_route=\/wp\/v2\/types\/post"}],"author":[{"embeddable":true,"href":"http:\/\/refgemvlotho.de\/index.php?rest_route=\/wp\/v2\/users\/1"}],"replies":[{"embeddable":true,"href":"http:\/\/refgemvlotho.de\/index.php?rest_route=%2Fwp%2Fv2%2Fcomments&post=794"}],"version-history":[{"count":3,"href":"http:\/\/refgemvlotho.de\/index.php?rest_route=\/wp\/v2\/posts\/794\/revisions"}],"predecessor-version":[{"id":803,"href":"http:\/\/refgemvlotho.de\/index.php?rest_route=\/wp\/v2\/posts\/794\/revisions\/803"}],"wp:attachment":[{"href":"http:\/\/refgemvlotho.de\/index.php?rest_route=%2Fwp%2Fv2%2Fmedia&parent=794"}],"wp:term":[{"taxonomy":"category","embeddable":true,"href":"http:\/\/refgemvlotho.de\/index.php?rest_route=%2Fwp%2Fv2%2Fcategories&post=794"},{"taxonomy":"post_tag","embeddable":true,"href":"http:\/\/refgemvlotho.de\/index.php?rest_route=%2Fwp%2Fv2%2Ftags&post=794"}],"curies":[{"name":"wp","href":"https:\/\/api.w.org\/{rel}","templated":true}]}}