{"id":772,"date":"2017-05-14T11:00:33","date_gmt":"2017-05-14T10:00:33","guid":{"rendered":"http:\/\/refgemvlotho.de\/?p=772"},"modified":"2017-06-06T13:11:50","modified_gmt":"2017-06-06T12:11:50","slug":"14-05-2017-9-30-uhr-vorstellungsgottesdienst-in-der-st-johannis-kirche","status":"publish","type":"post","link":"http:\/\/refgemvlotho.de\/?p=772","title":{"rendered":"14.05.2017, 9.30 Uhr, Vorstellungsgottesdienst  in der St. Johannis Kirche, Predigt und Taufansprache"},"content":{"rendered":"<p>Gemeinsamer Vorstellungs-Gottesdienst der Luth. Kirchengemeinde Bonneberg und der Ref. St. Johannis Gemeinde Vlotho<\/p>\n<p>&#8222;Christ werden, Christ bleiben, Taufe, Konfirmation und dann?&#8220;<\/p>\n<p><span style=\"font-family: Arial,sans-serif;\"><span style=\"font-size: small;\">Sie blieben aber best\u00e4ndig in der Lehre der Apostel und in der Gemeinschaft \u00a0 \u00a0 \u00a0 \u00a0 \u00a0 \u00a0 \u00a0 \u00a0 \u00a0 \u00a0 \u00a0 \u00a0 \u00a0 \u00a0 \u00a0 \u00a0 \u00a0 \u00a0 \u00a0 \u00a0 \u00a0 \u00a0 \u00a0 \u00a0 \u00a0 \u00a0 \u00a0 \u00a0 \u00a0 und im Brotbrechen und im Gebet.\u00a0 Apg 2,42<\/span><\/span><\/p>\n<p><span style=\"font-family: Arial,sans-serif;\"><span style=\"font-size: small;\"> Das Auge kann nicht sagen zu der Hand: Ich brauche dich nicht; oder auch das Haupt zu den F\u00fc\u00dfen: ich brauche euch nicht.\u00a0\u00a0\u00a0 <span lang=\"zxx\">1. Kor 12,21<\/span><\/span><\/span><\/p>\n<p><span style=\"font-family: Arial,sans-serif;\"><span style=\"font-size: small;\"><span lang=\"zxx\">Dient einander, ein jeder mit der Gabe, die er empfangen hat,\u00a0 als die guten Haushalter der mancherlei Gnade Gottes\u00a0 1. Petr 4,10<\/span><\/span><\/span><\/p>\n<p lang=\"zxx\"><span style=\"font-family: Arial,sans-serif;\"><span style=\"font-size: small;\">Liebe Konfirmanden und Konfirmandinnen, liebe Gemeinde!<\/span><\/span><\/p>\n<p lang=\"zxx\"><span style=\"font-family: Arial,sans-serif;\"><span style=\"font-size: small;\">So Gott will und wir leben ist das heute auf absehbare Zeit das drittletzte Mal, dass wir mit allen, die n\u00e4chste Woche in der Jubilate-Kirche Konfirmation feiern wollen, zusammen Gottesdienst feiern. Ich versuche, nein, ich versuche es nicht nur, sondern ich genie\u00dfe diese letzten Male, in denen wir in dieser Zusammensetzung beisammen sind. Besonders beim letzen Blockunterricht am Samstag vor einer Woche hat mir die Gemeinschaft mit Euch richtig gut getan.<\/span><\/span><\/p>\n<p lang=\"zxx\"><span style=\"font-family: Arial,sans-serif;\"><span style=\"font-size: small;\">Ich bin traurig, dass diese regelm\u00e4\u00dfigen Zusammenk\u00fcnfte mit Euch am n\u00e4chsten Sonntag zu Ende sind. Ich habe das bei allen vorherigen Konfirmandengruppen so empfunden, auch, oft gerade bei den Gruppen, mit denen es zwischendurch auch schon mal nervig war. Ich fand&#8217;s mit Euch sehr selten nervig. Aber traurig bin ich, wie jedes Jahr. Wahrscheinlich denkt Ihr jetzt, na ja, so was muss der Pastor halt am Ende der Unterrichtszeit sagen, geh\u00f6rt sich so, macht man so. Ich bin Euch nicht b\u00f6se, falls ihr so was denkt. Nur, ihr seid auf dem Holzweg, wenn ihr das annehmt. Ich sage nur, wie es ist, wie ich das empfinde. Es macht ein Gutteil des Gl\u00fccks in meinem Beruf aus, dass ich viel mit Jugendlichen wie Euch zusammen sein darf.<\/span><\/span><!--more--><\/p>\n<p><span style=\"font-family: Arial,sans-serif;\"><span style=\"font-size: small;\"><span lang=\"zxx\">Das Thema f\u00fcr Euren Vorstellungsgottesdienst, das bei der Abstimmung die klare Mehrheit bekommen hat, lautet: Christ werden, Christ bleiben, Taufe, Konfirmation und dann? Wie kannst Du, wie k\u00f6nnt Ihr nach Eurer Konfirmation Christ bleiben, habe wir Sascha, Maike, Steffi und ich als Frage aus Eurem Abstimmungsergebnis herausgeh\u00f6rt. Deshalb haben wir uns beim Wochenende in Hameln mit einem Vers aus der Apostel<\/span><\/span><\/span><\/p>\n<p lang=\"zxx\"><span style=\"font-family: Arial,sans-serif;\"><span style=\"font-size: small;\">geschichte besch\u00e4ftigt. Es geht in diesem Vers um die Gemeinde der ersten Christen und Christinnen in Jerusalem. Sie waren bei den Menschen Jerusalem sehr beliebt. Was war an ihnen so attraktiv? Was hat sie zusammen gehalten? Antwort: Sie aber blieben best\u00e4ndig in der Lehre der Apostel und in der Gemeinschaft und im Brotbrechen und im Gebet.<\/span><\/span><\/p>\n<p lang=\"zxx\"><span style=\"font-family: Arial,sans-serif;\"><span style=\"font-size: small;\">In Hameln haben wir \u00fcber alle vier Dinge gesprochen: \u00fcber die Lehre der Apostel oder die Besch\u00e4ftigung mit der Bibel, \u00fcber das Thema Gemeinschaft, \u00fcber das Brotbrechen, also das Abendmahl, das wir in Eurer Gruppe zusammen gefeiert haben, und \u00fcber das Gebet.<\/span><\/span><\/p>\n<p lang=\"zxx\"><span style=\"font-family: Arial,sans-serif;\"><span style=\"font-size: small;\">Zum Schluss des Wochenendes haben wir Euch eine weitere Frage gestellt: Sollen wir im Vorstellungsgottesdienst \u00fcber alle vier Themen sprechen oder uns auf eins konzentrieren und wenn ja auf welches? Das Thema war noch eindeutiger als ich es erwartet hatte: auf allen Euren Zetteln stand die gleiche Antwort Wir wollen uns f\u00fcr den Gottesdienst auf das Thema Gemeinschaft konzentrieren. Wenn Du, wenn Ihr nach Eurer Konfirmation Christin bleiben wollt, dann werdet ihr das nicht ohne die Gemeinschaft von anderen Christen und Christinnen bleiben. <\/span><\/span><\/p>\n<p><span style=\"font-family: Arial,sans-serif;\"><span style=\"font-size: small;\"><span lang=\"zxx\">Vielleicht mag das in Ausnahmesituationen f\u00fcr eine begrenzte Zeit gut gehen, aber auf die Dauer kann das nur schief gehen. Du kannst als Christ und Christin nicht auf Dauer ohne die Gemeinnschaft der anderen Christen und Christinnen leben. Wenn Du immer nur allein in der Bibel liest, ohne Dich von den anderen korrigieren zu lassen, ohne auf das zu h\u00f6ren, was den anderen beim Lesen wichtig geworden ist, wie leicht kannst Du Dich da in Deinen eigenen Gedanke verirrenn. . Wenn Du immer nur alleine betest, aber nie in der Gemeinschaft mit den anderen das Vater-Unser, woher willst Du auf die Dauer die Kraft nehmen, am Gebet festzuhalten?<\/span><\/span><\/span><\/p>\n<p lang=\"zxx\"><span style=\"font-family: Arial,sans-serif;\"><span style=\"font-size: small;\">Und mit Deinem Gott alleine Abendmahl feiern? Das ist ein Widerspruch in sich. Weil wir gerade im Abendmahl feiern, dass wir in Jesus Christus in unserer ganzen Verschiedenheit zusammen geh\u00f6ren. Wir feiern, dass er uns zusammen bringt. Wir feiern, dass er uns die Erlaubnis gibt, uns gegenseitig als Br\u00fcder und Schwestern zu lieben und einander beizustehen.<\/span><\/span><\/p>\n<p lang=\"zxx\"><span style=\"font-family: Arial,sans-serif;\"><span style=\"font-size: small;\">Aber nun m\u00fcssen wir versuchen, konkreter \u00fcber unsere Gemeinschaft zu reden, nicht nur in so sch\u00f6nen allgemeine frommen S\u00e4tzen. Wir leben als Chrsten und Christinnen mitten in dieser Welt. Unsere Gemeinschaft ist wie \u00fcberall, wo Menschen zusammenkomen, eine zugleich kostbare, begl\u00fcckende und gleichzeitig eine hochgradig gef\u00e4hrdete, zerbrechliche Form der Gemeinschaft.<\/span><\/span><\/p>\n<p lang=\"zxx\"><span style=\"font-family: Arial,sans-serif;\"><span style=\"font-size: small;\">Neben all den vielen sch\u00f6nen, guttuenden Formen von Gemeinschaft, die wir in den vergangenen zwei Jahren erlebt haben, gibt es auch Dinge, die ich heute morgen zumindest in meinem Hinterkopf nicht ausblenden kann, z.B. das ein Konfirmand, der zwei Jahre lang Teil unserer Gemeinschaft war, nun in einer anderen Gemeinde konfirmiert wird, obwohl wir ihn gerne heute in unsrer Mitte mit dabei gehabt h\u00e4tten.<\/span><\/span><\/p>\n<p><span style=\"font-family: Arial,sans-serif;\"><span style=\"font-size: small;\"><span lang=\"zxx\">Weil wir \u00fcber unsere Gemeinschaft nur konkret reden k\u00f6nnen, deshalb haben wir Euch beim letzten Blockunterricht gleich zu Beginn in der Kirche, um zwei Dinge gebeten:<\/span><\/span><\/span><\/p>\n<p lang=\"zxx\"><span style=\"font-family: Arial,sans-serif;\"><span style=\"font-size: small;\">In der christlichen Gemeinde in Korinth gab es heftige Spannungen um das Abendmahl. Den Apostel Paulus, der die Gemeine gegr\u00fcnndet hat, den hat das sehr belastet. Er hat seiner Gemeinde einen Brief geschreiben und in seinem Brief ein Bild gebraucht: Er hat die christliche Gemeinde mit unserem K\u00f6rper verglichen: Jesus Christus ist das Haupt, der Kopf. Und wir sind alle ein Glied, ein K\u00f6rperteil an seinem Leib. Und dann steht da der Satz: Das Auge kann nicht sagen zu der Hand: Ich brauche dich nicht.<\/span><\/span><\/p>\n<p lang=\"zxx\"><span style=\"font-family: Arial,sans-serif;\"><span style=\"font-size: small;\">Die Aufgabe beim Blockunterricht lautete, an der Stelle der K\u00f6rperteile Eure Namen einzusetzen, zun\u00e4chst den eigenen und dann den einer anderen Person aus Eurer Gruppe, den wir vorher zugelost hatten, als o z.B. &#8222;Ich Nils, kann nicht zu Cinja sagen, ich brauche Dich nicht.&#8220;<\/span><\/span><\/p>\n<p lang=\"zxx\"><span style=\"font-family: Arial,sans-serif;\"><span style=\"font-size: small;\">Ich habe das als eine sehr gewagte Aufgabe empfunden. Aber ich froh, dass ich mich das getraut habe. Ich habe mich sehr gefreut, dass Ihr alle Euren Satz ohne einen jedenfalls f\u00fcr mich erkennbaren Widerstand in der Stimme an die Euch zugeloste Personn gerichtet habt. Das das so m\u00f6glich war, ist f\u00fcr mich ein wichtiger Hinweis darauf, dass es mit der Gemeinschaft unter uns so schlecht nicht bestellt sein kann: Und trotzdem h\u00e4tte ich in dieser Situation gern M\u00e4uschen gespielt und gewusst, was in Euren K\u00f6pfen in diesen Sekunden vor sich gegangen ist.<\/span><\/span><\/p>\n<p><span style=\"font-family: Arial,sans-serif;\"><span style=\"font-size: small;\"><span lang=\"zxx\">Die zweite Aufgabe bestand darin, dass jeder von Euch ein Din A4 Blatt mit einer Schnur auf den R\u00fccken geh\u00e4ngt bekommen hat, auf dem die zwei Worte standen: Deine Begabung(en). Und danach ein Doppelpunkt: und dann habt Ihr Euch gegenseitig unter dieser \u00dcberschrift auf den Zettel geschrieben, worin Ihr die Begabungen des anderen, der anderen seht. <\/span><\/span><\/span><\/p>\n<p lang=\"zxx\"><span style=\"font-family: Arial,sans-serif;\"><span style=\"font-size: small;\">Dar\u00fcber m\u00fcssen wir bei dem Thema Gemeinschaft reden: Was fehlt mir, wenn mir die Begabung des anderen, der anderen fehlt. Was fehlt den anderen, wenn ihnen die Begabung fehlt, die Gott mir anvertraut hat. F\u00fcr jemand anderen aufschreiben, was ich f\u00fcr seine Begabung halte, und dann f\u00fcr m\u00f6glichst viele in so kurzer Zeit, das war wahrlich auch keine leichte Aufgabe.<\/span><\/span><\/p>\n<p lang=\"zxx\"><span style=\"font-family: Arial,sans-serif;\"><span style=\"font-size: small;\">Einige der Jungs haben mir ihre DIN A4 Bl\u00e4tter gegeben, dass ich sie mir ansehen darf. Einige nette Sachen stehen da schon drauf: Ein richtig toller, lustiger Junge. Etwas ungeduldig, aber gut im Fu\u00dfball und sehr gl\u00fccklich. Hat also eine Begabung zum gl\u00fccklich sein. Bringt andere zum Lachen, verr\u00fcckter Igel du. <\/span><\/span><\/p>\n<p lang=\"zxx\"><span style=\"font-family: Arial,sans-serif;\"><span style=\"font-size: small;\">Ob auf den Bl\u00e4ttern der M\u00e4dchen sehr andere Sachen stehen? Ob Ihr Euch, M\u00e4dchen wie Jungs, in dem was Eure besondere Begabung ausmacht, schon gut getroffen f\u00fchlt? Ob Du das selbst am besten wei\u00dft, was Deine besondere Gabe ist, die Gott Dir geschenkt hat? Ober haben die anderen einen besseren, genaueren Blick daf\u00fcr?<\/span><\/span><\/p>\n<p lang=\"zxx\"><span style=\"font-family: Arial,sans-serif;\"><span style=\"font-size: small;\">Beneidest Du manchmal andere darum, dass sie so entwaffnend lustig sein k\u00f6nnen, dass Sie anscheinend so selbstsicher sind, dass ihnen die Aufmerksamkeit der anderen wie in den Scho\u00df zu fallen scheint? W\u00fcnschst Du Dir manchmal, auch so geduldig, so cool bleiben zu k\u00f6nnen, in Situationen, in denen Du schon l\u00e4ngst ausgerastet w\u00e4rst? W\u00fcnschst Du Dir manchmal, so freundlich, so nachgiebig sein zu k\u00f6nnen wie bestimmte von den anderen, anstatt immer gleich mit dem Kopf durch die Wand zu wollen?<\/span><\/span><\/p>\n<p lang=\"zxx\"><span style=\"font-family: Arial,sans-serif;\"><span style=\"font-size: small;\">Findest Du das leicht oder schwer, nicht neidisch zu sein, Dich \u00fcber die besonderen Gaben zu freuen, die Gott den anderen gegeben hat. Die anderen haben diese Gabe ja nicht von Gott f\u00fcr sich selbst bekommen, sondern um Dir damit zu dienen.<\/span><\/span><\/p>\n<p lang=\"zxx\"><span style=\"font-family: Arial,sans-serif;\"><span style=\"font-size: small;\">Was spricht also dagegen, Dich einfach dar\u00fcber zu freuen, wenn sie Dich zum lachen bringen, wenn sie Geduld mit Dir haben, wenn sie Dir mit ihrem sicheren Auftreten \u00fcber Deine Unsicherheit hinweghelfen?<\/span><\/span><\/p>\n<p lang=\"zxx\"><span style=\"font-family: Arial,sans-serif;\"><span style=\"font-size: small;\">Hast du Spa\u00df daran, zu merken, wie Deine Begabung den anderen guttut. Nicht wahr, wann immer Du das sp\u00fcrst, das ist eine richtig aufputschende Erfahrung! Du bl\u00fchst auf, wenn Du das merkst, Du hast pl\u00f6tzlich so viel positive Energie, Du hast das Gef\u00fchl, Du k\u00f6nntest B\u00e4ume ausrei\u00dfen. Wenn einer sagt, kommt geh mit mir, zusammen sind wir was, dann werd ich rot, weil ich mich freu, dann macht das Leben Spa\u00df. Ist vieleicht doch mehr als ein Kinderlied.<\/span><\/span><\/p>\n<p lang=\"zxx\"><span style=\"font-family: Arial,sans-serif;\"><span style=\"font-size: small;\">Es kann der Fu\u00df zu dem Ohr nicht sagen, ich brauche Dich nicht. <\/span><\/span><\/p>\n<p lang=\"zxx\"><span style=\"font-family: Arial,sans-serif;\"><span style=\"font-size: small;\">Und was ist mit den Menschen, mit denen ich nicht so gut kann, bei denen ich mir unsicher bin, ob sie mich m\u00f6gen. Und was ist mit den Menchen, die ich nicht leiden kann, weil sie mir weh getan, weil sie mich verletzt haben, und was ich am schlimmsten finde, die scheinen das selbst noch nicht mal gemerkt zu haben. Wie soll ich das denn machen, ausgerechnet bei denen, die mich wie Luft behandeln nach der Gabe suchen und dann sogar die Gabe entdecken, die Gott ihnen gegeben hat, damit sie mir dienen k\u00f6nnen?<\/span><\/span><\/p>\n<p lang=\"zxx\"><span style=\"font-family: Arial,sans-serif;\"><span style=\"font-size: small;\">Ach, Pastor Reuter, denkt Ihr vieleicht jetzt. Sie immer mit Ihren tausend Fragen! Warum haben Sie blo\u00df immer so einen Hang, den Dingen auf den Grund zu gehen? Kommen Sie erst mal in unser Alter! Wenn man wie wir gerade mal 12, 13, 14 Jahre alt ist, dann wei\u00df man eh oft nicht, wo einem gerade der Kopf steht in all dem Gef\u00fchlschaos. Fragen Sie uns lieber in 10 Jahren noch mal nach all diesen Sachen?<\/span><\/span><\/p>\n<p lang=\"zxx\"><span style=\"font-family: Arial,sans-serif;\"><span style=\"font-size: small;\">Sie haben vorhin gesagt, dass Sie sich Samstag vor zwei Wochen gefreut haben, dass wir uns gegenseitig so bereitwillig diesen Satz gesagt haben, mit dem Namen eines anderen aus der Gruppe, den sie uns zugelost haben: Ich, Winfried, kann nicht zu Maike, ich kann nicht zu Sascha sagen, ich brauche Dich nicht. Nicht wahr, dass hat Sie \u00fcberrascht, dass uns das gar nicht so schwer gefallen ist. Sie haben gesagt, dass ist ein Zeichen, dass es mit der Gemeinschaft unter uns gar nicht so schlecht bestellt sein kann. Das hat uns gefallen, dass Sie das gesagt haben. Das hat uns gut getan. Das ist der Grund, warum wir gestern, als sie uns den Anfang ihrer Predigt schon mal vorgelesen haben, spontan geklatscht haben.<\/span><\/span><\/p>\n<p lang=\"zxx\"><span style=\"font-family: Arial,sans-serif;\"><span style=\"font-size: small;\">Wollen wir es nicht f\u00fcrs erste dabei bewenden lassen? Wir haben das schon verstanden: Wir k\u00f6nnen nicht allein f\u00fcr uns selbst Christ, Christin bleiben. Wir k\u00f6nnen das nur gemeinsam mit den anderen. Wir brauchen die anderen. Wir brauchen die anderen, die Gott uns in seiner Gnade gegeben hat.<\/span><\/span><\/p>\n<p lang=\"zxx\"><span style=\"font-family: Arial,sans-serif;\"><span style=\"font-size: small;\">Amen<\/span><\/span><\/p>\n<p lang=\"zxx\">Taufansprache f\u00fcr Lena Dreier:<\/p>\n<p lang=\"zxx\">\n<style type=\"text\/css\">\n\t<!-- @page { margin: 2cm } P { margin-bottom: 0.21cm } --><br \/>\t<\/style>\n<\/p>\n<p><span style=\"font-family: Arial,sans-serif;\"><span style=\"font-size: small;\">Liebe Lena, liebe Gemeinde!<\/span><\/span><\/p>\n<p><span style=\"font-family: Arial,sans-serif;\"><span style=\"font-size: small;\">Ich freue mich sehr, Lena, dass wir Dich heute morgen im Vorstellungsgottesdienst Deiner Konfi-Gruppe taufen d\u00fcrfen. Ich wei\u00df, dass es Dir nicht anders geht als einem Gro\u00dfteil der anderen aus Deiner Gruppe: Ihr m\u00f6gt das nicht, auf einmal hier so im Mittelpunkt zu stehen. Aber es gibt Tage, an denen l\u00e4sst sich das nicht umgehen und heute ist definitiv ein solcher Tag.<\/span><\/span><\/p>\n<p><span style=\"font-family: Arial,sans-serif;\"><span style=\"font-size: small;\">Das sollen die Menschen in Deiner Gemeinde wissen und sehen, was das f\u00fcr ein Menschenkind ist, dass Gott Ihnen als neues Glied am Leib Christi hat zuwachsen lassen, dessen Gaben Ihnen jetzt in Ihrer Mitte zugute kommen, f\u00fcr dass sie nun ihrerseits Verantwortung tragen, dass sie liebhaben und dem sie beistehen d\u00fcrfen.<\/span><\/span><\/p>\n<p><span style=\"font-family: Arial,sans-serif;\"><span style=\"font-size: small;\">Ich habe noch gut die Worte im Ohr, die Annalena vorhin bei der Vorstellungsrunde \u00fcber Dich gesagt hat: dass Du eine starke, selbstbewusste Pers\u00f6nlichkeit bist, dass Du ein ehrlicher Mensch bist, der sich traut, anderen auch kritische Dinge zu sagen. Ich kann das nur unterstreichen. Ich w\u00fcrde nur hinzuf\u00fcgen und das meine ich \u00fcberhaupt nicht als Widerspruch, sondern das eine bedingt das andere: Zu Deinen St\u00e4rken geh\u00f6rt auch, dass Du ein empfindsamer Mensch bist, einer, der sich Dinge nahe gehen l\u00e4sst, der sie nicht auf die leichte Schulter nimmt. Das ist ja ein gro\u00dfer Irrglaube, dass bei manchen noch immer die Menschen als stark gelten, die alles an sich abprallen lassen.<\/span><\/span><\/p>\n<p><span style=\"font-family: Arial,sans-serif;\"><span style=\"font-size: small;\">Du hast Dir als Taufspruch Worte aus dem 6. Kapitel des Johannes-Evangelium ausgesucht. Sie sind in einer Situation gesagt, in der viele Menschen sich von Jesus abgewandt haben und ihre Wege nicht mehr gemeinsam mit ihm gehen wollten. Da wendet Jesus sich an seine 12 engsten Sch\u00fcler und fragt sie: Und ihr, wollt ihr auch gehen. Wie so oft ergreift Petrus stellvertretend f\u00fcr die anderen das Wort und antwortet Jesus mit den Worten, die jetzt Dein Taufspruch sind, Lena und Dich in Deinem weiteren Leben begleiten werden.:<\/span><\/span><\/p>\n<p><span style=\"font-family: Arial,sans-serif;\"><span style=\"font-size: small;\"><b>Wohin sollen wir gehen? Du hast Worte ewigen Lebens. <\/b><\/span><\/span><\/p>\n<p><span style=\"font-family: Arial,sans-serif;\"><span style=\"font-size: small;\">Wir gehen nicht weg, Jesus, wir bleiben. Wir bleiben zusammen. Du und wir und wir untereinander. Wir haben uns umgesehen. Wir tragen keine Scheuklappen. Wir haben alles gepr\u00fcft. Aber nirgendwo sonst finden wir, was wir bei Dir gefunden haben: Du hast Worte ewigen Lebens.<\/span><\/span><\/p>\n<p><span style=\"font-family: Arial,sans-serif;\"><span style=\"font-size: small;\">Du bist der, der zu uns sagt: Also hat Gott die Welt geliebt, auf dass er seinen eingeborenen Sohn gab, auf dass alle, die an ihn glauben, nicht verloren gehen, sondern das ewige Leben haben.<\/span><\/span><\/p>\n<p><span style=\"font-family: Arial,sans-serif;\"><span style=\"font-size: small;\">Du sagt: Wer an mich glaubt wie die Schrift sagt, von dessen Leib werden Str\u00f6me lebendigen Wassers flie\u00dfen. Du bist der, der zu uns sagt: Ich richte nicht. Ich bin nicht gekommen, um die Welt zu richten, sondern damit die Welt durch mich gerettet wird.<\/span><\/span><\/p>\n<p><span style=\"font-family: Arial,sans-serif;\"><span style=\"font-size: small;\">Du bist gekommen Lena, um Dich im Namen Jesu Taufe zu lassen. Du w\u00e4rst nicht gekommen, wenn Jesu Worte nicht schon angefangen h\u00e4tten, in Deinem Herzen, in Deinem Leben Wurzeln zu schlagen. Du tust gut daran, Dich in Deinem Leben, in dem was Du tust, in den Entscheidungen, die Du treffen wirst, Dich ihm anzuvertrauen. Du tust gut daran die Gemeinschaft mit den Menschen in Deiner Gemeinde zu suchen und Dich dabei in dem, was Dir wichtig ist, nicht abwimmeln zu lassen.<\/span><\/span><\/p>\n<p><span style=\"font-family: Arial,sans-serif;\"><span style=\"font-size: small;\">Was immer Du tust, Lena, was immer die anderen davon halten, was immer sie \u00fcber Dich denken oder \u00fcber Dich reden, Du hast in Jesus einen Herrn, der Dich nicht richtet, der Dich liebt, wie kein andrer Mensch das tut, der, damit Du ihm das glaubst, sein Leben f\u00fcr Dich gegeben hat, der zur Rechten seines Vater im Himmel lebt und der will, dass Du auch lebst, als ein fr\u00f6hlicher Mensch, heute und f\u00fcr alle Zeit.<\/span><\/span><\/p>\n<p><span style=\"font-family: Arial,sans-serif;\"><span style=\"font-size: small;\">Du hast in Jesus einen Herrn, der sich mit unseren Spaltungen, mit unserem Gez\u00e4nk nicht abfindet, sondern seinen Vater darum bittet, dass wir eins sind, dass wir eins sind. Du hast in ihm einen Herrn, der t\u00e4glich daf\u00fcr bittet, dass Dein Glaube nicht aufh\u00f6rt. <\/span><\/span><\/p>\n<p><span style=\"font-family: Arial,sans-serif;\"><span style=\"font-size: small;\">Du hast in Jesus einen Herrn, der genau wei\u00df, was er an Dir hat, der wei\u00df, dass er Dich braucht, der wei\u00df, was ihm fehlt, wenn Du ihm fehlst. Du hast in ihm einen Herrn, der die Gaben kennt, die er Dir anvertraut hat, der Dir Deine Gaben zeigt, wann immer Du dir \u00fcber sie unsicher bist, Er wird Dich segnen, wann immer Du es wagst, von Deinen Gaben Gebrauch zu machen. Wir hei\u00dfen Dich herzlich willkommen, Lena. Wir sagen unserem Gott herzlichen Dank, dass er Dich in unsere Mitte stellt.\u00a0\u00a0\u00a0\u00a0\u00a0\u00a0\u00a0 Amen<\/span><\/span><\/p>\n","protected":false},"excerpt":{"rendered":"<p>Gemeinsamer Vorstellungs-Gottesdienst der Luth. Kirchengemeinde Bonneberg und der Ref. St. Johannis Gemeinde Vlotho &#8222;Christ werden, Christ bleiben, Taufe, Konfirmation und dann?&#8220; Sie blieben aber best\u00e4ndig in der Lehre der Apostel und in der Gemeinschaft \u00a0 \u00a0 \u00a0 \u00a0 \u00a0 \u00a0 &hellip; <a href=\"http:\/\/refgemvlotho.de\/?p=772\">Weiterlesen <span class=\"meta-nav\">&rarr;<\/span><\/a><\/p>\n","protected":false},"author":1,"featured_media":0,"comment_status":"open","ping_status":"open","sticky":false,"template":"","format":"standard","meta":[],"categories":[6],"tags":[],"_links":{"self":[{"href":"http:\/\/refgemvlotho.de\/index.php?rest_route=\/wp\/v2\/posts\/772"}],"collection":[{"href":"http:\/\/refgemvlotho.de\/index.php?rest_route=\/wp\/v2\/posts"}],"about":[{"href":"http:\/\/refgemvlotho.de\/index.php?rest_route=\/wp\/v2\/types\/post"}],"author":[{"embeddable":true,"href":"http:\/\/refgemvlotho.de\/index.php?rest_route=\/wp\/v2\/users\/1"}],"replies":[{"embeddable":true,"href":"http:\/\/refgemvlotho.de\/index.php?rest_route=%2Fwp%2Fv2%2Fcomments&post=772"}],"version-history":[{"count":7,"href":"http:\/\/refgemvlotho.de\/index.php?rest_route=\/wp\/v2\/posts\/772\/revisions"}],"predecessor-version":[{"id":793,"href":"http:\/\/refgemvlotho.de\/index.php?rest_route=\/wp\/v2\/posts\/772\/revisions\/793"}],"wp:attachment":[{"href":"http:\/\/refgemvlotho.de\/index.php?rest_route=%2Fwp%2Fv2%2Fmedia&parent=772"}],"wp:term":[{"taxonomy":"category","embeddable":true,"href":"http:\/\/refgemvlotho.de\/index.php?rest_route=%2Fwp%2Fv2%2Fcategories&post=772"},{"taxonomy":"post_tag","embeddable":true,"href":"http:\/\/refgemvlotho.de\/index.php?rest_route=%2Fwp%2Fv2%2Ftags&post=772"}],"curies":[{"name":"wp","href":"https:\/\/api.w.org\/{rel}","templated":true}]}}