{"id":686,"date":"2016-10-27T07:59:43","date_gmt":"2016-10-27T06:59:43","guid":{"rendered":"http:\/\/refgemvlotho.de\/?p=686"},"modified":"2016-11-15T09:55:29","modified_gmt":"2016-11-15T08:55:29","slug":"judiths-news-oktober-2016","status":"publish","type":"post","link":"http:\/\/refgemvlotho.de\/?p=686","title":{"rendered":"Judiths` News Oktober 2016"},"content":{"rendered":"<p><span style=\"color: #ff0000;\"><strong>Judiths` News Oktober 2016<\/strong><\/span><br \/>\nLiebe Freunde, Verwandte und Interessierte,<br \/>\n\u201eKommt alle zu mir, die ihr euch plagt und schwere Lasten zu tragen habt. Ich<br \/>\nwerde euch Ruhe verschaffen.\u201c Matth\u00e4us 11, 28 (EU)<br \/>\nGeburtstag \u2013 Endlich 40 Jahre! Im afrikanischen Kontext bin ich<br \/>\nnun erwachsen und werde auch bei \u00f6ffentlichen Diskussionen<br \/>\nernst genommen. Somit bin ich auf dem richtigen Kontinent, wo<br \/>\ndas Alter und die Weisheit geehrt wird. <!--more-->Mit sehr guten<br \/>\nFreunden durfte ich meinen besonderen Tag in Kenia feiern und<br \/>\ndann auch noch mit Freunden in Uganda. Meine liebe Familie,<br \/>\nVerwandte, und Freunde aus Deutschland beschenkten mich<br \/>\nreich auf allen erdenklichen Wegen. Vielen, vielen Dank.<br \/>\nGeburtstage sind f\u00fcr mich etwas wichtiges, in der ugandischen<br \/>\nKultur gar nicht, da oftmals die Menschen gar nicht das Datum<br \/>\nwissen, an dem sie geboren wurden. An diesem Tag dann besonders bedacht zu werden, hat mir sehr viel bedeutet. Gerade an Tagen wie diesen merke ich, dass ich Fremde bin und gerne in Gewohntem sein w\u00fcrde.<br \/>\nWunder \u2013 Die erlebe ich im Alltag. Unsere Stra\u00dfe ist endlich fertig geworden und ich kann<br \/>\nnach 4 Monaten wieder vor meiner Wohnung parken. Das erleichtert mein Leben doch enorm. Nun ist f\u00fcr uns die Herausforderung, dass wir nur sehr unregelm\u00e4\u00dfig Wasser haben. Aber es w\u00e4re ja auch zu langweilig, wenn alles da w\u00e4re \u2013 wo bliebe dann die Abh\u00e4ngigkeit zu Gott? Der Beratungsdienst wird weiterhin gut genutzt und es ist eine Freude zu sehen, wenn Klienten \u201eAha\u201c-Momente haben. Dabei zu sein, wenn innere Heilung geschieht, wo m\u00fcde Seelen wieder Hoffnung bekommen und ein Weg nach vorne sichtbar wird, das ist ein Wunder f\u00fcr mich. Wie dankbar bin ich dann, wenn ich ein Instrument Gottes sein darf und f\u00fcr eine Zeit im Leben seiner Kinder mitwirken darf.<br \/>\nAu\u00dfer Haus \u2013 Zwischendurch dem Beratungsalltag eine andere Note zu<br \/>\ngeben, das macht mein Herz froh. Besonders, wenn ich dort sein kann, wo<br \/>\ndie Missionare wirken. So durfte ich bei zwei Konferenzen Seelsorgerin<br \/>\nsein und zu einem Thema referieren, was mir auf dem Herzen liegt:<br \/>\n\u00dcberg\u00e4nge im Leben bew\u00e4ltigen. Eine der Konferenzen war im Tschad<br \/>\nund ich bin beeindruckt vom hei\u00dfen Land und seinen Menschen und den<br \/>\nMitarbeitern, die treu ihren Dienst tun. Afrika ist so vielf\u00e4ltig und so tat es<br \/>\ngut, neue Einblicke zu bekommen und zu sehen, wie unterschiedlich Gott<br \/>\nwirkt und doch das Ziel dasselbe ist: Menschen in seine Nachfolge zu<br \/>\nrufen. Geburtstagssegeltour! Abschiede &#8211; Die sind weiterhin Teil meines<br \/>\nLebens als Missionarin und es wird nicht einfacher. Doch nehme ich jeden Moment dankbar an, wo ich mit lieben Freunden zusammen sein darf. So habe ich ein sch\u00f6nes<br \/>\nAbschiedswochenende mit Lydia und ein anderes mit Pam erlebt. Sie und ihre Familie haben mir sehr in der Anfangszeit in Kampala geholfen. Sie werden bald in Australien<br \/>\nf\u00fcr MAF (Mission Aviation Fellowship) leben und arbeiten. Ich werde sie<br \/>\nsehr vermissen und doch bin ich froh, dass wir ein Jahr zusammen haben durften.<br \/>\nDas Thema zur Ruhe kommen und bei Gott allein aufzutanken, besch\u00e4ftigt mich. Unser Leben erscheint oftmals so beladen: Beziehungen, Arbeit, Alltag, etc. So ist der Vers in Matth\u00e4us eine wunderbare Ermutigung und Jesus sagt: Komm! Das ist alles, was ich tun muss, nichts weiter. Abladen, anhalten, bei IHM ausruhen \u2013 ankommen. Wie oft tue ich das? Oftmals scheint es einfacher, Dinge weiterhin mit mir rumzuschleppen, selber zu versuchen, sie zu l\u00f6sen und dann festzustellen, wie ersch\u00f6pft ich bin. Was mir hilft, das Abladen zu praktizieren, ist die Natur, die \u00e4u\u00dfere Ruhe, wodurch ich auch innerlich ruhig werde und IHM alles hinlegen kann. Doch oftmals ist die nicht da, die \u00e4u\u00dfere Ruhe, und so bete ich zu lernen, Gott in allem zu begegnen und auch Ruhemomente zu erleben, wo ich sie nicht erwarte. Wo sind eure Orte der Begegnung mit Gott? Gerne w\u00fcrde ich davon h\u00f6ren. So langsam aber sicher gehen wir auf Advent zu und ich w\u00fcnsche uns, dass wir auch diese Zeit in diesem Jahr sehr bewusst erleben k\u00f6nnen, unsere Herzen wieder neu bereit zu machen f\u00fcr die Ankunft Jesu.<br \/>\nNun ist mein Jahr der monatlichen P\u00e4ckchen vorbei, danke an Sylvia<br \/>\nund Jana, die alles so wunderbar organisiert haben, und an euch, die<br \/>\nihr treu geschickt habt. Wenn ihr auch in Zukunft etwas schicken<br \/>\nm\u00f6chtet, dann sind die braunen Grossbriefe g\u00fcnstiger und schneller<br \/>\nund gerne d\u00fcrft ihr meine Telefonnummer +256 77 77 57 290 unter<br \/>\ndie Adresse schreiben, dann bekomme ich von der Post eine SMS und<br \/>\nkann es gleich abholen lassen \uf04a. Mit einem herzlichen Dank f\u00fcr eure Gebete, Spenden, Briefe, Pakete verabschiede ich mich<br \/>\nheute von euch. Im n\u00e4chsten Rundbrief lest ihr bestimmt schon von meinem neuen<br \/>\nArbeitskollegen.<br \/>\nEure<br \/>\n<em><strong>Judith<\/strong><\/em><br \/>\n&#8212;&#8212;&#8212;&#8212;&#8212;&#8212;&#8212;&#8212;&#8212;&#8212;&#8212;&#8212;&#8212;&#8212;&#8212;&#8212;&#8212;&#8212;&#8212;&#8212;&#8212;&#8212;&#8212;&#8212;&#8212;&#8212;&#8212;&#8212;&#8212;&#8212;&#8212;&#8212;&#8212;&#8212;&#8212;&#8212;&#8212;&#8212;&#8212;Ausgesandt durch: Deutsches Missions\u00e4rzte Team e.V. &#8211; Auf der Buchdahl 9 &#8211; 57223 Kreuztal &#8211; www.dmaet.de-<br \/>\nBitte vollst\u00e4ndige Spenderadresse angeben, Spendenbescheinigungen werden zum Folgejahr ausgestellt.<br \/>\nBei R\u00fcckfragen: Helmut Hans; Tel.: 02331 407121 oder hans@dmaet.de<br \/>\nSpendenkonto des DM\u00c4T`s:<br \/>\nCommerzbank Kreuztal<br \/>\nIBAN:<br \/>\nDE39 460 400 330 878 878 800<br \/>\nBIC:<br \/>\nCOBADEFFXXX<br \/>\nVermerk: Einsatz Judith<br \/>\nFinkbeiner<br \/>\nEinsatzadresse:<br \/>\nJudith Finkbeiner<br \/>\nc\/o AIM CR<br \/>\nP.O.Box 4008<br \/>\nKampala, UGANDA<br \/>\nwww.judith-afrika.blogspot.de<br \/>\nJudith.finkbeiner@gmx.de<br \/>\nRundbriefversand:<br \/>\nJana Greife<br \/>\nIm Neuen Land 20<br \/>\n32689 Kalletal<br \/>\nJana-busekros@gmx.de<br \/>\nGebetsecke:<br \/>\n\uf0b7 Dank f\u00fcr etwas ruhigere N\u00e4chte<br \/>\n\uf0b7 Dank f\u00fcr den zuk\u00fcnftigen Kollegen, der bald kommt<br \/>\n\uf0b7 Bitte um Weisheit in den Beratungsgespr\u00e4chen<br \/>\n\uf0b7 Bitte um Teammitglieder f\u00fcr Tumaini Nairobi und<br \/>\nKampala<\/p>\n","protected":false},"excerpt":{"rendered":"<p>Judiths` News Oktober 2016 Liebe Freunde, Verwandte und Interessierte, \u201eKommt alle zu mir, die ihr euch plagt und schwere Lasten zu tragen habt. Ich werde euch Ruhe verschaffen.\u201c Matth\u00e4us 11, 28 (EU) Geburtstag \u2013 Endlich 40 Jahre! Im afrikanischen Kontext &hellip; <a href=\"http:\/\/refgemvlotho.de\/?p=686\">Weiterlesen <span class=\"meta-nav\">&rarr;<\/span><\/a><\/p>\n","protected":false},"author":1,"featured_media":0,"comment_status":"open","ping_status":"open","sticky":false,"template":"","format":"standard","meta":[],"categories":[1],"tags":[],"_links":{"self":[{"href":"http:\/\/refgemvlotho.de\/index.php?rest_route=\/wp\/v2\/posts\/686"}],"collection":[{"href":"http:\/\/refgemvlotho.de\/index.php?rest_route=\/wp\/v2\/posts"}],"about":[{"href":"http:\/\/refgemvlotho.de\/index.php?rest_route=\/wp\/v2\/types\/post"}],"author":[{"embeddable":true,"href":"http:\/\/refgemvlotho.de\/index.php?rest_route=\/wp\/v2\/users\/1"}],"replies":[{"embeddable":true,"href":"http:\/\/refgemvlotho.de\/index.php?rest_route=%2Fwp%2Fv2%2Fcomments&post=686"}],"version-history":[{"count":5,"href":"http:\/\/refgemvlotho.de\/index.php?rest_route=\/wp\/v2\/posts\/686\/revisions"}],"predecessor-version":[{"id":706,"href":"http:\/\/refgemvlotho.de\/index.php?rest_route=\/wp\/v2\/posts\/686\/revisions\/706"}],"wp:attachment":[{"href":"http:\/\/refgemvlotho.de\/index.php?rest_route=%2Fwp%2Fv2%2Fmedia&parent=686"}],"wp:term":[{"taxonomy":"category","embeddable":true,"href":"http:\/\/refgemvlotho.de\/index.php?rest_route=%2Fwp%2Fv2%2Fcategories&post=686"},{"taxonomy":"post_tag","embeddable":true,"href":"http:\/\/refgemvlotho.de\/index.php?rest_route=%2Fwp%2Fv2%2Ftags&post=686"}],"curies":[{"name":"wp","href":"https:\/\/api.w.org\/{rel}","templated":true}]}}