{"id":587,"date":"2016-06-09T12:17:36","date_gmt":"2016-06-09T11:17:36","guid":{"rendered":"http:\/\/refgemvlotho.de\/?p=587"},"modified":"2016-06-09T12:25:57","modified_gmt":"2016-06-09T11:25:57","slug":"bildandacht-mit-peter-auslaender","status":"publish","type":"post","link":"http:\/\/refgemvlotho.de\/?p=587","title":{"rendered":"Bildandacht mit Peter Ausl\u00e4nder, 12.6., 9.30 Uhr"},"content":{"rendered":"<p><strong><u>\u201eWort halten oder ausreden\u201c<\/u><\/strong><\/p>\n<p>Am Sonntag, dem 12. Juni wird in St. Johannis anstelle des regul\u00e4ren Gottesdienstes<\/p>\n<p>eine Bild-Andacht stattfinden.<\/p>\n<p>Peter Ausl\u00e4nder, der zur Gemeinde geh\u00f6rt, hat ein Werk von dem 1983 verstorbenen Vlothoer K\u00fcnstler Heinrich Berges ausgesucht.<!--more--><\/p>\n<p>Das Bild soll betrachtet werden.<\/p>\n<p>Mehr nicht.<\/p>\n<p>Es wird zu denen, die es betrachten, auf seine Weise sprechen.<\/p>\n<p>Ist zu verstehen, was es sagt?<\/p>\n<p>Vielleicht stellt es Fragen.<\/p>\n<p>Vielleicht stellen sich bei den Betrachtenden Fragen.<\/p>\n<p>\u00dcber diese Fragen wird man nachdenken.<\/p>\n<p>Und vielleicht auch dar\u00fcber ins Gespr\u00e4ch kommen.<br \/>\nW\u00e4hrend der Andacht.<\/p>\n<p>Oder auf dem gemeinsamen Nachhauseweg.<\/p>\n<p>Oder sp\u00e4ter \u2013 mit anderen Leuten.<\/p>\n<p>Lea Ausl\u00e4nder, Tina von Behren-Ausl\u00e4nder und Peter Ausl\u00e4nder haben vor einigen Jahren versucht, ihre Gedanken \u00fcber das ausgesuchte Bild in Musik zu \u00fcbertragen.<\/p>\n<p>Eine Aufzeichnung dessen, was bei diesem Versuch entstanden ist, soll im Rahmen der<\/p>\n<p>Bild-Andacht ebenfalls dargeboten werden.<\/p>\n<p>Hannelore Butenuth vom Presbyterium der Evangelisch-reformierten Kirchengemeinde wirkt bei der Gestaltung dieses anderen Gottesdienstes mit.<\/p>\n<p>Die Gemeinde l\u00e4dt herzlich zum Kirchgang ein!<\/p>\n","protected":false},"excerpt":{"rendered":"<p>\u201eWort halten oder ausreden\u201c Am Sonntag, dem 12. Juni wird in St. Johannis anstelle des regul\u00e4ren Gottesdienstes eine Bild-Andacht stattfinden. Peter Ausl\u00e4nder, der zur Gemeinde geh\u00f6rt, hat ein Werk von dem 1983 verstorbenen Vlothoer K\u00fcnstler Heinrich Berges ausgesucht.<\/p>\n","protected":false},"author":1,"featured_media":0,"comment_status":"open","ping_status":"open","sticky":false,"template":"","format":"standard","meta":[],"categories":[3],"tags":[],"_links":{"self":[{"href":"http:\/\/refgemvlotho.de\/index.php?rest_route=\/wp\/v2\/posts\/587"}],"collection":[{"href":"http:\/\/refgemvlotho.de\/index.php?rest_route=\/wp\/v2\/posts"}],"about":[{"href":"http:\/\/refgemvlotho.de\/index.php?rest_route=\/wp\/v2\/types\/post"}],"author":[{"embeddable":true,"href":"http:\/\/refgemvlotho.de\/index.php?rest_route=\/wp\/v2\/users\/1"}],"replies":[{"embeddable":true,"href":"http:\/\/refgemvlotho.de\/index.php?rest_route=%2Fwp%2Fv2%2Fcomments&post=587"}],"version-history":[{"count":3,"href":"http:\/\/refgemvlotho.de\/index.php?rest_route=\/wp\/v2\/posts\/587\/revisions"}],"predecessor-version":[{"id":590,"href":"http:\/\/refgemvlotho.de\/index.php?rest_route=\/wp\/v2\/posts\/587\/revisions\/590"}],"wp:attachment":[{"href":"http:\/\/refgemvlotho.de\/index.php?rest_route=%2Fwp%2Fv2%2Fmedia&parent=587"}],"wp:term":[{"taxonomy":"category","embeddable":true,"href":"http:\/\/refgemvlotho.de\/index.php?rest_route=%2Fwp%2Fv2%2Fcategories&post=587"},{"taxonomy":"post_tag","embeddable":true,"href":"http:\/\/refgemvlotho.de\/index.php?rest_route=%2Fwp%2Fv2%2Ftags&post=587"}],"curies":[{"name":"wp","href":"https:\/\/api.w.org\/{rel}","templated":true}]}}