{"id":367,"date":"2015-09-27T22:20:55","date_gmt":"2015-09-27T21:20:55","guid":{"rendered":"http:\/\/refgemvlotho.de\/?p=367"},"modified":"2015-10-10T22:35:01","modified_gmt":"2015-10-10T21:35:01","slug":"predigt-erntedankgottesdienst-27-09-2015","status":"publish","type":"post","link":"http:\/\/refgemvlotho.de\/?p=367","title":{"rendered":"Predigt Erntedankgottesdienst, 27.09.2015"},"content":{"rendered":"<p><span style=\"color: #4700b8;\"><span style=\"font-family: Arial,sans-serif;\"><span style=\"font-size: small;\">2015, 09, 27, Danke f\u00fcr das Brot, Ps 104,14f, Erntedank<\/span><\/span><\/span><\/p>\n<p><span style=\"color: #4700b8;\"><span style=\"font-family: Arial,sans-serif;\"><span style=\"font-size: small;\">690, Auf, Seele, Gott zu loben, Du hast uns deine Welt geschenkt, Wir pfl\u00fcgen und wir streuen, Gott, daf\u00fcr will ich dir Danke sagen, Wir pfl\u00fcgen und wir streuen, Geh unter der Gnade<\/span><\/span><\/span><\/p>\n<p><span style=\"color: #4700b8;\"><span style=\"font-family: Arial,sans-serif;\"><span style=\"font-size: small;\">Mats kauft ein. Er kauft ein Brot. Er bedankt sich bei der Verk\u00e4uferin f\u00fcr das Brot. Warum macht er das? Ob Mama oder Papa oder Oma gesagt haben, Er soll immer \u201eDanke sagen\u201c, wenn er etwas bekommt. Aber die Verk\u00e4uferin hat Mats das Brot gar nicht geschenkt. Er hat f\u00fcr das Brot bezahlt. Und wenn man f\u00fcr etwas bezahlt hat, dann muss man doch nicht \u201eDanke\u201c sagen oder?<\/span><\/span><\/span><!--more--><\/p>\n<p><span style=\"color: #4700b8;\"><span style=\"font-family: Arial,sans-serif;\"><span style=\"font-size: small;\">Die Verk\u00e4uferin wundert sich nicht, das Mats sich f\u00fcr das Brot bedankt Vielleicht, weil sie wei\u00df, wie gut das Brot schmeckt, das sie in ihrem Laden verkauft, besonders wenn es noch frisch ist. Vielleicht hat sie ihrer Familie auch schon von diesem Brot mitgebracht. Und ihre Kinder haben gesagt: \u201eMmmh, Mama!\u201c das schmeckt aber gut. <\/span><\/span><\/span><\/p>\n<p><span style=\"color: #4700b8;\"><span style=\"font-family: Arial,sans-serif;\"><span style=\"font-size: small;\">Vielleicht ist die Verk\u00e4uferin nicht hier bei uns in Deutschland geboren. Vielleicht kommt sie aus einem Land, in dem man nicht jederzeit einfach so Brot kaufen kann, weil l\u00e4ngst nicht jede Familie sich Brot leisten kann, weil es einfach nicht genug Brot gibt. Nein, die Verk\u00e4uferin wundert sich nicht, dass Mats \u201eDanke f\u00fcr das Brot\u201c sagt. Es gibt gute Gr\u00fcnde, f\u00fcr das Brot \u201eDanke\u201c zu sagen.<\/span><\/span><\/span><\/p>\n<p><span style=\"color: #4700b8;\"><span style=\"font-family: Arial,sans-serif;\"><span style=\"font-size: small;\">Sie sagt nur: Bei mir bist Du an der falschen Adresse. Das Brot kommt nicht von mir. Ich verkaufe es nur, genauso wie all die andren leckeren Sachen, die es bei uns im Laden gibt: den Strac<\/span><\/span><\/span><\/p>\n<p><span style=\"color: #4700b8;\"><span style=\"font-family: Arial,sans-serif;\"><span style=\"font-size: small;\">ciatelli-Joghurt, die Tiefk\u00fchl-Pommes, die Schoko-Riegel, die Fisch-St\u00e4bchen. Ich hab von all den Sachen gar nichts gemacht. Ich hab sie nicht hergebracht. Ich verkaufe sie nur. Du musst Dich nicht bei mir, Du musst Dich bei unserem Lieferanten bedanken.<\/span><\/span><\/span><\/p>\n<p><span style=\"color: #4700b8;\"><span style=\"font-family: Arial,sans-serif;\"><span style=\"font-size: small;\">Da hat sie nat\u00fcrlich Recht. Und trotzdem, habe ich gestern bei Eurer Probe gedacht. Warum eigentlich \u201enur\u201c. Wenn die Verk\u00e4uferin nicht den ganzen Tag in ihrem Laden steht und verkauft, wie solltest Du dann an das Brot kommen?<\/span><\/span><\/span><\/p>\n<p><span style=\"color: #4700b8;\"><span style=\"font-family: Arial,sans-serif;\"><span style=\"font-size: small;\">Was h\u00e4ttest Du jetzt an der Stelle von Mats gemacht, wenn Du als Antwort bekommen h\u00e4ttest: \u201eDu musst Dich woanders bedanken.\u201c H\u00e4ttest Du gedacht: Na dann eben nicht! Genug Zeit vertr\u00f6delt. Nichts wie ab nach Hause. Mama das Brot geben und endlich mit meinen Freunden weiterspielen oder bei meinem Computer-Spiel das n\u00e4chste Level knacken?<\/span><\/span><\/span><\/p>\n<p><span style=\"color: #4700b8;\"><span style=\"font-family: Arial,sans-serif;\"><span style=\"font-size: small;\">Mats macht das nicht. Er ist hartn\u00e4ckig. Ihm ist das Ernst mit dem Danke-Sagen. Er hat eine Engelsgeduld. Der Lieferant schickt ihn zum B\u00e4cker, der B\u00e4cker zum M\u00fcller, der M\u00fcller zum Bauern und der Bauer zur Sonne. Zu jedem sagt er: Danke f\u00fcr das Brot und \u00fcberall bekommt er fast dieselbe Antwort: Bedank Dich nicht bei mir. Ich habe doch nur das Brot ausgefahren, ich habe nur gebacken, ich habe nur gemahlen, ich habe nur ges\u00e4t, ich habe nur meine Strahlen auf die Erde geschickt. Du musst Dich bei jemand anderem bedanken.<\/span><\/span><\/span><\/p>\n<p><span style=\"color: #4700b8;\"><span style=\"font-family: Arial,sans-serif;\"><span style=\"font-size: small;\">Ich habe mich ja schon bei der Verk\u00e4uferin \u00fcber das \u201enur\u201c gewundert. Bei den anderen wundere ich mich erst Recht dar\u00fcber. Die haben doch alle einen sehr wichtigen Teil dazu beigetragen, dass am Ende ein duftendes frisches Brot dabei herausgekommen ist. Oder seht Ihr das anders?<\/span><\/span><\/span><\/p>\n<p><span style=\"color: #4700b8;\"><span style=\"font-family: Arial,sans-serif;\"><span style=\"font-size: small;\">Aber Noa, Ole, Leo, Paula, Lilly und die lassen sich von mir nicht beirren. Sie schicken Mats immer weiter, von einem zur andren. Und dann ganz zum Schluss, wie auf Kommando oder so als ob sie sich schon die ganze Zeit abgesprochen h\u00e4tten, stimmen sie mit der Sonne ein: Bedank Dich bei Gott.<\/span><\/span><\/span><\/p>\n<p><span style=\"color: #4700b8;\"><span style=\"font-family: Arial,sans-serif;\"><span style=\"font-size: small;\">Bedank Dich bei dem, der uns alle geschaffen hat. Bedank Dich bei dem, der uns Energie gegeben, der es hat regnen und wachsen lassen. Bedank Dich bei dem, der uns H\u00e4nde und F\u00fc\u00dfe, Geschicklichkeit und Verstand gegeben hat, <\/span><\/span><\/span><\/p>\n<p><span style=\"color: #4700b8;\"><span style=\"font-family: Arial,sans-serif;\"><span style=\"font-size: small;\">Wir pfl\u00fcgen und wir streuen den Samen auf das Land, doch Wachstum und Gedeihen steht in den H\u00f6chsten Hand.<\/span><\/span><\/span><\/p>\n<p><span style=\"color: #4700b8;\"><span style=\"font-family: Arial,sans-serif;\"><span style=\"font-size: small;\">Gott l\u00e4sset Saaten werden zur Nahrung Mensch und Vieh. Er bringet aus der Erden das Brot und s\u00e4ttigt sie. Er sparet nicht an G\u00fcte, die Herzen zu erfreuen. Er schenkt die Zeit der Bl\u00fcte, gibt Fr\u00fcchte, \u00d6l und Wein. So haben wir gleich zu Anfang gesungen, in dem Lied das nach dem 104. Psalm gedichtet ist. <\/span><\/span><\/span><\/p>\n<p><span style=\"color: #4700b8;\"><span style=\"font-family: Arial,sans-serif;\"><span style=\"font-size: small;\">Und in \u201eWir pfl\u00fcgen und wir streuen\u201c singen wird: Es <u>geht<\/u> durch <u>unsre<\/u> H\u00e4nde, <u>kommt<\/u> aber her von <u>Gott<\/u>. Alle gute Gabe kommt her von Gott dem Herrn, drum dankt ihm Dank, drum dankt ihm Dank und hofft auf ihn.<\/span><\/span><\/span><\/p>\n<p><span style=\"color: #4700b8;\"><span style=\"font-family: Arial,sans-serif;\"><span style=\"font-size: small;\">Das ist unser fr\u00f6hliches Bekenntnis heute am Erntedankfest , jedes Jahr aufs Neue. Wir sind keine selbstgemachten Menschen. Wir leben davon, dass Gott segnen will und dass er es tut. Wir k\u00f6nnen noch so sehr schuften und uns abrackern, mit unseren H\u00e4nden, mit unseren F\u00fc\u00dfen, mit unserem Verstand, mit unsrem Herz. Was wir uns w\u00fcnschen, wonach wir uns sehnen, wenn Gott nicht seinen Segen dazu gibt, dann wird nichts da draus. Wie oft habe ich schon diese Erfahrung gemacht. Die sch\u00f6nsten Dinge im Leben passieren, wenn ich am wenigsten darauf gefasst bin.<\/span><\/span><\/span><\/p>\n<p><span style=\"color: #4700b8;\"><span style=\"font-family: Arial,sans-serif;\"><span style=\"font-size: small;\">Ich wei\u00df, ich w\u00fcnsche mir das so oft, dass es anders ist, dass die Leute mir danken sollen, f\u00fcr meine M\u00fche und meine Anstrengungen, f\u00fcr meine guten Absichten, f\u00fcr meine Ausdauer und Beharrlichkeit. Es ist auch sch\u00f6n, es tut auch gut, wenn ich daf\u00fcr gelobt werde. <\/span><\/span><\/span><\/p>\n<p><span style=\"color: #4700b8;\"><span style=\"font-family: Arial,sans-serif;\"><span style=\"font-size: small;\">Aber das ist weit weg, das ist ein Geringes im Vergleich zu der Freude, um die es am Erntedankfest geht. <\/span><\/span><\/span><\/p>\n<p><span style=\"color: #4700b8;\"><span style=\"font-family: Arial,sans-serif;\"><span style=\"font-size: small;\">Es geht am Erntedankfest um die Freude dar\u00fcber, sich von Gott beschenken zu lassen, um die Freude dar\u00fcber, was Gott uns wachsen und reifen und ernten l\u00e4sst, auf unseren Wiesen und Feldern, im Tun unserer H\u00e4nde und im Ruhen lassen unserer H\u00e4nde, in den Menschen, mit denen er uns zusammen bringt, in den Menschen, mit denen er uns nun schon so viele Jahre zusammen h\u00e4lt.<\/span><\/span><\/span><\/p>\n<p><span style=\"color: #4700b8;\"><span style=\"font-family: Arial,sans-serif;\"><span style=\"font-size: small;\">Wir feiern am Erntedankfest, wie reich unser Gott ist, reich in jeder Hinsicht, reich an G\u00fcte und Barmherzigkeit, reich an Recht und Gerechtigkeit, an Brot und Wein, an Dingen, die das Antlitz des Menschen sch\u00f6n machen. Wir feiern, dass er nichts von seinem Reichtum f\u00fcr 9i9ii9iizhz7ich alleine haben will. Wir feiern seine Lust daran, seinen Reichtum verschwenderisch unter uns auszuteilen: unter seinen Tieren und unter seinen Menschen.<\/span><\/span><\/span><\/p>\n<p><span style=\"color: #4700b8;\"><span style=\"font-family: Arial,sans-serif;\"><span style=\"font-size: small;\">Allen Unwettern zum Trotz: was Gott auf unserer Erde wachsen l\u00e4sst, reicht alle Male aus, um alle hungernden Menschen der Erde satt zu machen. Es reicht aus f\u00fcr die Fl\u00fcchtlinge und die Hartz-IV-Empf\u00e4nger, f\u00fcr die Kranken und die Gesunden, f\u00fcr die Alten und f\u00fcr die Jungen, f\u00fcr Deine Geschwister und f\u00fcr Dich. Unser reicher Gott, der heile Dich und mich von all unserer Kleinkr\u00e4merei, von all unserer Sorge um uns selbst, um unsere Gemeinde, von der Angst, was Menschen uns antun k\u00f6nnen. um das, was andere tun. Er \u00f6ffne uns die Augen f\u00fcr seinen Reichtum, f\u00fcr das, was er unter uns zustande bringt, er stecke uns an mit seiner Lust, verschwenderisch auszuteilen.<\/span><\/span><\/span><\/p>\n<p><span style=\"color: #4700b8;\"><span style=\"font-family: Arial,sans-serif;\"><span style=\"font-size: small;\">Amen<\/span><\/span><\/span><\/p>\n","protected":false},"excerpt":{"rendered":"<p>2015, 09, 27, Danke f\u00fcr das Brot, Ps 104,14f, Erntedank 690, Auf, Seele, Gott zu loben, Du hast uns deine Welt geschenkt, Wir pfl\u00fcgen und wir streuen, Gott, daf\u00fcr will ich dir Danke sagen, Wir pfl\u00fcgen und wir streuen, Geh &hellip; <a href=\"http:\/\/refgemvlotho.de\/?p=367\">Weiterlesen <span class=\"meta-nav\">&rarr;<\/span><\/a><\/p>\n","protected":false},"author":1,"featured_media":0,"comment_status":"open","ping_status":"open","sticky":false,"template":"","format":"standard","meta":[],"categories":[6],"tags":[],"_links":{"self":[{"href":"http:\/\/refgemvlotho.de\/index.php?rest_route=\/wp\/v2\/posts\/367"}],"collection":[{"href":"http:\/\/refgemvlotho.de\/index.php?rest_route=\/wp\/v2\/posts"}],"about":[{"href":"http:\/\/refgemvlotho.de\/index.php?rest_route=\/wp\/v2\/types\/post"}],"author":[{"embeddable":true,"href":"http:\/\/refgemvlotho.de\/index.php?rest_route=\/wp\/v2\/users\/1"}],"replies":[{"embeddable":true,"href":"http:\/\/refgemvlotho.de\/index.php?rest_route=%2Fwp%2Fv2%2Fcomments&post=367"}],"version-history":[{"count":2,"href":"http:\/\/refgemvlotho.de\/index.php?rest_route=\/wp\/v2\/posts\/367\/revisions"}],"predecessor-version":[{"id":369,"href":"http:\/\/refgemvlotho.de\/index.php?rest_route=\/wp\/v2\/posts\/367\/revisions\/369"}],"wp:attachment":[{"href":"http:\/\/refgemvlotho.de\/index.php?rest_route=%2Fwp%2Fv2%2Fmedia&parent=367"}],"wp:term":[{"taxonomy":"category","embeddable":true,"href":"http:\/\/refgemvlotho.de\/index.php?rest_route=%2Fwp%2Fv2%2Fcategories&post=367"},{"taxonomy":"post_tag","embeddable":true,"href":"http:\/\/refgemvlotho.de\/index.php?rest_route=%2Fwp%2Fv2%2Ftags&post=367"}],"curies":[{"name":"wp","href":"https:\/\/api.w.org\/{rel}","templated":true}]}}