{"id":1192,"date":"2020-05-18T13:19:14","date_gmt":"2020-05-18T12:19:14","guid":{"rendered":"http:\/\/refgemvlotho.de\/?p=1192"},"modified":"2020-05-18T12:18:17","modified_gmt":"2020-05-18T11:18:17","slug":"praesenzgottesdienste-in-corona-zeiten","status":"publish","type":"post","link":"http:\/\/refgemvlotho.de\/?p=1192","title":{"rendered":"Pr\u00e4senzgottesdienste in Corona-Zeiten"},"content":{"rendered":"<p>Die Kirchengemeinden in der Region Vlotho haben in den vergangenen Wochen ihr Gemeindeleben ausgesetzt. Das war eine harte Entscheidung, die wir getroffen haben, um das Leben von gef\u00e4hrdeten Personen zu sch\u00fctzen. Seitdem vermissen wir die Treffen, das gemeinsame Lachen, Singen und Beten.<\/p>\n<p>Jetzt stehen die Gemeinden vor der Frage, wie es mit den Gottesdiensten weiter gehen kann. Dabei geht die Sicherheit der Teilnehmenden vor, denn das Corona-Virus ist weiter eine Gefahr. Die evangelische Kirche von Westfalen hat Vorgaben gemacht, die in jeder einzelnen Gemeinde gepr\u00fcft worden sind. Jetzt haben alle Gemeinden f\u00fcr jede Kirche ein Hygienekonzept erarbeitet:<\/p>\n<p><!--more--><\/p>\n<p><strong>Die Regeln f\u00fcr Gottesdienste in Corona-Zeiten<\/strong><\/p>\n<ul>\n<li>Erkrankten und gesundheitlich vorbelasteten BesucherInnen wird die Teilnahme nicht empfohlen. Wir bitten sie, auf Fernseh- und Radiogottesdienste auszuweichen.<\/li>\n<li>Es gibt in den Kirchen eine festgelegte und klar begrenzte Zahl von Sitzpl\u00e4tzen mit dem n\u00f6tigen Sicherheitsabstand.<\/li>\n<li>Alle BesucherInnen m\u00fcssen in Anwesenheitslisten eingetragen werden. Die Listen werden verschlossen und nach 4 Wochen vernichtet.<\/li>\n<li>In den Gemeinden St. Stephan, Uffeln, Valdorf und Wehrendorf ist eine telefonische Anmeldung bis Samstagmittag erforderlich.<\/li>\n<li>Alle BesucherInnen m\u00fcssen Mund Mund-Nase-Masken mitbringen und tragen.<\/li>\n<li>Vor dem Gottesdienst m\u00fcssen die H\u00e4nde gewaschen oder desinfiziert werden.<\/li>\n<li>Im Gottesdienst gibt es keinen Gemeindegesang, der Ablauf ist etwas gek\u00fcrzt.<\/li>\n<li><\/li>\n<\/ul>\n<p><strong>So viele Pl\u00e4tze stehen zur Verf\u00fcgung<\/strong><\/p>\n<ul>\n<li>Autobahnkirche Exter: 50 (ohne Anmeldung)<\/li>\n<li>Jubilatekirche Bonnberg: 60 (ohne Anmeldung)<\/li>\n<li>St. Johannis: 29 (ohne Anmeldung)<\/li>\n<li>St. Stephan: 65<\/li>\n<li>Uffeln: 31<\/li>\n<li>Valdorf: 32 (mit Anmeldung unter 05733 \/ 2842 bis Samstag Mittag)<\/li>\n<li>Wehrendorf: 30 (mit Anmeldung unter 05733 \/ 5955 bis Samstag Mittag)<\/li>\n<\/ul>\n<p>&nbsp;<\/p>\n<p>Wir werden im Mai mit diesen Regeln Erfahrungen sammeln und dann Monat f\u00fcr Monat weiter planen. Wie lange diese Einschr\u00e4nkungen gelten, h\u00e4ngt vom weiteren Verlauf der Pandemie ab.<\/p>\n<p>Nicht m\u00f6glich sind zurzeit Gottesdienste im Freien und Veranstaltungen in den Gemeindeh\u00e4usern. Hier warten wir immer noch auf Vorgaben.<\/p>\n<p>Wir bitten bei den Entscheidungen weiter um das Verst\u00e4ndnis und die Geduld der Gemeindeglieder. Vorsicht und Zur\u00fcckhaltung sind f\u00fcr uns in diesen Zeiten die besten Wege, um die N\u00e4chsten und Gef\u00e4hrdeten zu sch\u00fctzen.<\/p>\n<p>Die Pfarrerinnen und Pfarrer in der Region sind weiterhin telefonisch erreichbar und stehen f\u00fcr Nachfragen zur Verf\u00fcgung.<\/p>\n","protected":false},"excerpt":{"rendered":"<p>Die Kirchengemeinden in der Region Vlotho haben in den vergangenen Wochen ihr Gemeindeleben ausgesetzt. Das war eine harte Entscheidung, die wir getroffen haben, um das Leben von gef\u00e4hrdeten Personen zu sch\u00fctzen. Seitdem vermissen wir die Treffen, das gemeinsame Lachen, Singen &hellip; <a href=\"http:\/\/refgemvlotho.de\/?p=1192\">Weiterlesen <span class=\"meta-nav\">&rarr;<\/span><\/a><\/p>\n","protected":false},"author":1,"featured_media":0,"comment_status":"open","ping_status":"open","sticky":false,"template":"","format":"standard","meta":[],"categories":[3],"tags":[],"_links":{"self":[{"href":"http:\/\/refgemvlotho.de\/index.php?rest_route=\/wp\/v2\/posts\/1192"}],"collection":[{"href":"http:\/\/refgemvlotho.de\/index.php?rest_route=\/wp\/v2\/posts"}],"about":[{"href":"http:\/\/refgemvlotho.de\/index.php?rest_route=\/wp\/v2\/types\/post"}],"author":[{"embeddable":true,"href":"http:\/\/refgemvlotho.de\/index.php?rest_route=\/wp\/v2\/users\/1"}],"replies":[{"embeddable":true,"href":"http:\/\/refgemvlotho.de\/index.php?rest_route=%2Fwp%2Fv2%2Fcomments&post=1192"}],"version-history":[{"count":2,"href":"http:\/\/refgemvlotho.de\/index.php?rest_route=\/wp\/v2\/posts\/1192\/revisions"}],"predecessor-version":[{"id":1215,"href":"http:\/\/refgemvlotho.de\/index.php?rest_route=\/wp\/v2\/posts\/1192\/revisions\/1215"}],"wp:attachment":[{"href":"http:\/\/refgemvlotho.de\/index.php?rest_route=%2Fwp%2Fv2%2Fmedia&parent=1192"}],"wp:term":[{"taxonomy":"category","embeddable":true,"href":"http:\/\/refgemvlotho.de\/index.php?rest_route=%2Fwp%2Fv2%2Fcategories&post=1192"},{"taxonomy":"post_tag","embeddable":true,"href":"http:\/\/refgemvlotho.de\/index.php?rest_route=%2Fwp%2Fv2%2Ftags&post=1192"}],"curies":[{"name":"wp","href":"https:\/\/api.w.org\/{rel}","templated":true}]}}