{"id":1106,"date":"2020-04-11T15:32:50","date_gmt":"2020-04-11T14:32:50","guid":{"rendered":"http:\/\/refgemvlotho.de\/?p=1106"},"modified":"2020-04-14T17:30:31","modified_gmt":"2020-04-14T16:30:31","slug":"gebet-zu-karfreitag-gudrun-kuhn-nuernberg","status":"publish","type":"post","link":"http:\/\/refgemvlotho.de\/?p=1106","title":{"rendered":"Gebet zu Karfreitag, Gudrun Kuhn, N\u00fcrnberg"},"content":{"rendered":"<p>10. April 2020<br \/>\nAch Gott \u2013 wie viel haben wir uns doch einfallen lassen, um den Tod ertr\u00e4glich zu machen. \/ Die eigene Trauerfeier geplant \/ die Abschiede sorgf\u00e4ltig f\u00fcr andere gestaltet. \/ Was uns alles wichtig war \u00ad\u2013 die Farbe der Blumen, die Ausstattung des Sargs, die sch\u00f6nste Musik und die passendsten Bibelworte. \/ W\u00fcrdig und trostreich sollte alles sein. \/\/ Ach Jesus \u2013 wie viel haben wir uns einfallen lassen, um deinen Tod ertr\u00e4glich zu machen. \/ Karfreitagsruhe, Fastenspeisen, Palmzweige und Prozessionen, die gro\u00dfartige Musik von Bach und Haydn, Museen voller Passionsbilder. \/\/ Jetzt aber, jetzt m\u00fcssen wir lernen, wie erb\u00e4rmlich und unfeierlich der Tod ist \u2013 Sterben ohne Angeh\u00f6rige, Leichen auf Gabelstaplern, Totens\u00e4cke in K\u00fchlzelten, vielleicht bald Massengr\u00e4ber. \/\/ So war dein Tod auf Golgatha. Keine frommen Spr\u00fcche, keine Maria und kein Johannes unter dem Kreuz, kein Trost aus der H\u00f6he. \/ Verlassen von Gott und den Menschen. \/ Erst jetzt ahnen wir, wie das gewesen sein muss. \/\/ Ach Gott \u2013 kannst du uns so hoffnungsvoll machen wie die J\u00fcngerinnen und J\u00fcnger? Sie haben doch aus der Verzweiflung herausgefunden. AMEN<\/p>\n","protected":false},"excerpt":{"rendered":"<p>10. April 2020 Ach Gott \u2013 wie viel haben wir uns doch einfallen lassen, um den Tod ertr\u00e4glich zu machen. \/ Die eigene Trauerfeier geplant \/ die Abschiede sorgf\u00e4ltig f\u00fcr andere gestaltet. \/ Was uns alles wichtig war \u00ad\u2013 die &hellip; <a href=\"http:\/\/refgemvlotho.de\/?p=1106\">Weiterlesen <span class=\"meta-nav\">&rarr;<\/span><\/a><\/p>\n","protected":false},"author":1,"featured_media":0,"comment_status":"open","ping_status":"open","sticky":false,"template":"","format":"standard","meta":[],"categories":[3],"tags":[],"_links":{"self":[{"href":"http:\/\/refgemvlotho.de\/index.php?rest_route=\/wp\/v2\/posts\/1106"}],"collection":[{"href":"http:\/\/refgemvlotho.de\/index.php?rest_route=\/wp\/v2\/posts"}],"about":[{"href":"http:\/\/refgemvlotho.de\/index.php?rest_route=\/wp\/v2\/types\/post"}],"author":[{"embeddable":true,"href":"http:\/\/refgemvlotho.de\/index.php?rest_route=\/wp\/v2\/users\/1"}],"replies":[{"embeddable":true,"href":"http:\/\/refgemvlotho.de\/index.php?rest_route=%2Fwp%2Fv2%2Fcomments&post=1106"}],"version-history":[{"count":1,"href":"http:\/\/refgemvlotho.de\/index.php?rest_route=\/wp\/v2\/posts\/1106\/revisions"}],"predecessor-version":[{"id":1107,"href":"http:\/\/refgemvlotho.de\/index.php?rest_route=\/wp\/v2\/posts\/1106\/revisions\/1107"}],"wp:attachment":[{"href":"http:\/\/refgemvlotho.de\/index.php?rest_route=%2Fwp%2Fv2%2Fmedia&parent=1106"}],"wp:term":[{"taxonomy":"category","embeddable":true,"href":"http:\/\/refgemvlotho.de\/index.php?rest_route=%2Fwp%2Fv2%2Fcategories&post=1106"},{"taxonomy":"post_tag","embeddable":true,"href":"http:\/\/refgemvlotho.de\/index.php?rest_route=%2Fwp%2Fv2%2Ftags&post=1106"}],"curies":[{"name":"wp","href":"https:\/\/api.w.org\/{rel}","templated":true}]}}