{"id":1093,"date":"2020-03-25T17:16:13","date_gmt":"2020-03-25T16:16:13","guid":{"rendered":"http:\/\/refgemvlotho.de\/?p=1093"},"modified":"2020-04-14T17:28:59","modified_gmt":"2020-04-14T16:28:59","slug":"roland-tober-wer-bist-du-gott","status":"publish","type":"post","link":"http:\/\/refgemvlotho.de\/?p=1093","title":{"rendered":"Roland Tober &#8211; Wer bist Du Gott?"},"content":{"rendered":"<p>Wer ist eigentlich Gott? Im Augenblick sind viele von uns damit besch\u00e4ftigt, das eigene Leben neu zu strukturieren. Wir denken nach \u2013 vielleicht manchmal auch zu viel. Vielleicht auch zu gr\u00fcblerisch. Da stellen sich ganz elementare Fragen. Wer sind wir Menschen eigentlich? Und wer bin ich? Wie wird mein Leben \u2013 und das Leben der Menschen um mich herum \u2013 wie wird das Leben in einem Jahr aussehen?Werden wir durch diese Krise durchkommen? Wenn ja, wie? Und Gott \u2013 wer bist du? Und wo bist du jetzt?<!--more--><\/p>\n<p>Zun\u00e4chst: Wenn ich in der Bibel lese, dann kann ich viele sch\u00f6ne Geschichten\u00fcber Jesus, Gott und die Welt lesen. Wie liebevoll und menschenfreundlich er mit Menschen umgeht. \u2013 Zu denen, die allein sind, kommt Jesus. Zu denen, die ihr Leben so richtig verkorkst haben, zu denen kommt Jesus. Zu denen, die isoliert sind, ja sogar aussortiert wurden aus der Gesellschaft, zu denen kommt Jesus. Jesus kommt zu denen, die Schreckliches durchmachen m\u00fcssen. Er kommt \u2013 und l\u00e4sst <u>uns<\/u> nicht allein!<\/p>\n<p>In diesen Zeiten werden wir alle ersch\u00fcttert. Und die Frage nach Gott stellt sich f\u00fcr viele von uns gerade jetzt. Ist der Gott, an den ich bisher geglaubt habe, tats\u00e4chlich da? Ist er f\u00fcr alle da? Und wenn er da ist f\u00fcr uns \u2013 in welcher Beziehung steht er denn zu uns? Wir m\u00fcssen nur aufpassen, wenn wir solche Fragen stellen, dass wir nicht unserem Bild, dass wir uns \u00fcber Gott machen, erliegen.<\/p>\n<p>Also: Wer ist Gott? Angesichts dieserCorona-Katastrophe in der Welt \u2013 und im pers\u00f6nlichen Leben vieler Menschen \u2013 stehen wir Menschen tats\u00e4chlich in der Gefahr, uns selbst ein Gottesbild zu machen, das unserem Leben dann zus\u00e4tzlich hart zusetzt. \u201eWarum l\u00e4sst Gott das zu?\u201c, fragen wir vielleicht. Und dann wird es pl\u00f6tzlich \u201ephilosophisch\u201c. Entweder er will das nicht verhindern \u2013 dann ist er nicht gerecht und gut. Oder er kann das nicht verhindern \u2013 dann ist er nicht allm\u00e4chtig. Oder er kann es und will es so \u2013 aber warum gibt es dann dieses Leiden? Wie wir es auch drehen und wenden: Von unserer Logik aus ist Gott mit diesen Fragen immer disqualifiziert.<\/p>\n<p>Liebe H\u00f6rerin, lieber H\u00f6rer, kennen Sie solche Fragen auch? \u201eWomit habe ich das verdient?\u201c So fragen viele in ihrer Verzweiflung. Dahinter steckt ein Gottesbild mit juristischer Logik. N\u00e4mlich: Jedem Leid muss ein pers\u00f6nliches Vergehen vorangegangen sein. Und das Leiden wird als logische Strafe Gottes verstanden. Schrecklich \u2013 solch ein \u201eGlaube\u201c! Jesus hat einmal diesen Schuld-Strafe-Mechanismus bei seinen J\u00fcngern scharf zur\u00fcckgewiesen. Tun wir das auch.<\/p>\n<p>\u201eDu darfst nicht fragen: Warum. Du musst fragen: Wozu\u201c, kann man manchmal h\u00f6ren. Dahinter steckt ein Gottesbild mit p\u00e4dagogischer Logik. Alles Leiden muss entsprechend erzieherisch gedeutet werden. Ja, vielleicht kann der eine oder die andere nach langer Zeit f\u00fcr sich selbst einen gewissen Sinn erkennen. Aber auch diese Logik kann uns in eine noch gr\u00f6\u00dfere Dunkelheit st\u00fcrzen. Seien wir auch damit sehr vorsichtig.<\/p>\n<p>Gibt\u2019s denn keine Antwort auf unsere schmerzlichen Warum-Fragen? Ich gebe zu, dass ich keine Antworten habe. Wir Menschen k\u00f6nnen diese Fragen eben nicht rational kl\u00e4ren. Darum habe ich auch gro\u00dfe Schwierigkeiten mit denen, die das zu wissen meinen mit ihren menschlichen Erkl\u00e4rungsmodellen.<\/p>\n<p>Gibt\u2019s wirklich keine Antwort? Doch. Aber es ist keine Antwort mit klugen Worten. Mit menschlich-klugen Worten erreichen wir im Leiden und in der Krise nicht wirklich Hilfreiches. Denn solche menschlich-klugen Worte wirken eher wie billiges Vertr\u00f6sten, so nach dem Motto: \u201eDas wird schon irgendwie werden!\u201c<\/p>\n<p>Was ist denn nun die Antwort? Die Antwort liegt jenseits aller \u201eErkl\u00e4rungsmodelle\u201c. Sie kann nur von Gott selbst kommen. Und das Sch\u00f6ne und Mutmachende ist, dass Gottes Antwort un\u00fcbertrefflich anders ist als unsere Erkl\u00e4rungsmodelle. Seine Antwort auf unser Leid ist n\u00e4mlich nicht rational, sondern personal!<\/p>\n<p>Noch mal: Gottes Antwort auf unsere Fragen und unser Leid ist nicht rational, sondern personal! Das n\u00e4mlich haben die Menschen der Bibel immer wieder erlebt. Das allein hat Menschen des Glaubens durchgetragen \u2013 im Leben und im Sterben. Denn Gott kommt ganz pers\u00f6nlich.Tr\u00f6stend kommt Gott. Wie eine Mutter, die ihrem Kind in seiner Not nicht \u201eErkl\u00e4rungsmodelle\u201c bietet, wenn es sich weh getan hat \u2013 sondern ihr Kind in die Arme nimmt. So kommt Gott, um uns in seine Arme zu schlie\u00dfen!<\/p>\n<p>Was bin ich froh, dass Gott nicht als eine Idee oder als ein Modell zu uns kommt. Er investiert sich selbst \u2013 kommt ganz pers\u00f6nlich. In Jesus Christus kommt erals die liebevolle Zuwendung Gottes zu uns. So ist er der Gott, der da ist. F\u00fcr uns. Jetzt.Und ganz pers\u00f6nlich. Und weil er da ist, d\u00fcrfen wir uns zu ihm wenden und uns ihm hingeben. Deshalb m\u00f6chte ich mit Ihnen beten, mit Worten des 23. Psalms:<\/p>\n<p>\u201e1 Der HERR ist mein Hirte, mir wird nichts mangeln.\u00a0 2 Er weidet mich auf einer gr\u00fcnen Aue und f\u00fchret mich zum frischen Wasser.\u00a0 3 Er erquicket meine Seele. Er f\u00fchret mich auf rechter Stra\u00dfe um seines Namens willen.\u00a0 4 Und ob ich schon wanderte im finstern Tal, f\u00fcrchte ich kein Ungl\u00fcck; denn du bist bei mir, dein Stecken und Stab tr\u00f6sten mich.\u00a0 5 Du bereitest vor mir einen Tisch im Angesicht meiner Feinde. Du salbest mein Haupt mit \u00d6l und schenkest mir voll ein.\u00a0 6 Gutes und Barmherzigkeit werden mir folgen mein Leben lang, und ich werde bleiben im Hause des HERRN immerdar.\u201c<\/p>\n<p>Amen.<\/p>\n","protected":false},"excerpt":{"rendered":"<p>Wer ist eigentlich Gott? Im Augenblick sind viele von uns damit besch\u00e4ftigt, das eigene Leben neu zu strukturieren. Wir denken nach \u2013 vielleicht manchmal auch zu viel. Vielleicht auch zu gr\u00fcblerisch. Da stellen sich ganz elementare Fragen. Wer sind wir &hellip; <a href=\"http:\/\/refgemvlotho.de\/?p=1093\">Weiterlesen <span class=\"meta-nav\">&rarr;<\/span><\/a><\/p>\n","protected":false},"author":1,"featured_media":0,"comment_status":"open","ping_status":"open","sticky":false,"template":"","format":"standard","meta":[],"categories":[23],"tags":[],"_links":{"self":[{"href":"http:\/\/refgemvlotho.de\/index.php?rest_route=\/wp\/v2\/posts\/1093"}],"collection":[{"href":"http:\/\/refgemvlotho.de\/index.php?rest_route=\/wp\/v2\/posts"}],"about":[{"href":"http:\/\/refgemvlotho.de\/index.php?rest_route=\/wp\/v2\/types\/post"}],"author":[{"embeddable":true,"href":"http:\/\/refgemvlotho.de\/index.php?rest_route=\/wp\/v2\/users\/1"}],"replies":[{"embeddable":true,"href":"http:\/\/refgemvlotho.de\/index.php?rest_route=%2Fwp%2Fv2%2Fcomments&post=1093"}],"version-history":[{"count":1,"href":"http:\/\/refgemvlotho.de\/index.php?rest_route=\/wp\/v2\/posts\/1093\/revisions"}],"predecessor-version":[{"id":1094,"href":"http:\/\/refgemvlotho.de\/index.php?rest_route=\/wp\/v2\/posts\/1093\/revisions\/1094"}],"wp:attachment":[{"href":"http:\/\/refgemvlotho.de\/index.php?rest_route=%2Fwp%2Fv2%2Fmedia&parent=1093"}],"wp:term":[{"taxonomy":"category","embeddable":true,"href":"http:\/\/refgemvlotho.de\/index.php?rest_route=%2Fwp%2Fv2%2Fcategories&post=1093"},{"taxonomy":"post_tag","embeddable":true,"href":"http:\/\/refgemvlotho.de\/index.php?rest_route=%2Fwp%2Fv2%2Ftags&post=1093"}],"curies":[{"name":"wp","href":"https:\/\/api.w.org\/{rel}","templated":true}]}}